{"id":3813,"date":"2017-11-20T08:25:39","date_gmt":"2017-11-20T07:25:39","guid":{"rendered":"https:\/\/healthyforkful.com\/?p=3813"},"modified":"2020-11-25T09:36:38","modified_gmt":"2020-11-25T08:36:38","slug":"coles-bruselas-naranja-avellana-granada","status":"publish","type":"post","link":"https:\/\/healthyforkful.com\/es\/coles-bruselas-naranja-avellana-granada\/","title":{"rendered":"Coles de Bruselas con Naranja, Avellanas y Granada"},"content":{"rendered":"<p>S\u00e9 que las coles de Bruselas probablemente no est\u00e1n en tu lista de favoritos, suelen tener mala reputaci\u00f3n. De hecho, apenas hace un par de a\u00f1os que est\u00e1 en la m\u00eda.<\/p>\n<p>Fue cuando, cansada de leer por todas partes lo buenas y beneficiosas que son para nuestra salud, decid\u00ed intentarlo. Definitivamente sab\u00eda que no me gustar\u00edan hervidas, sencillamente porque no puedo con el olor que desprenden. Pero seguro que hab\u00eda alguna forma de comerlas y cocinarlas, que las hiciesen deliciosas y atractivas. \u00a1Y bingo!<\/p>\n<p>Una vez m\u00e1s lo verifico, no hay una verdura que no te guste, solo una forma de cocinarla que no te gusta. Y esta es realmente la parte que m\u00e1s me gusta de cocinar, puedes convertir cualquier cosa en algo incre\u00edblemente delicioso, es un magia, \u00bfno cre\u00e9is?<\/p>\n<p><a href=\"https:\/\/i0.wp.com\/healthyforkful.com\/wp-content\/uploads\/2017\/11\/Brussels-Sprouts-reducida.jpg?ssl=1\"><img data-recalc-dims=\"1\" fetchpriority=\"high\" decoding=\"async\" class=\"alignnone wp-image-1528 size-full\" src=\"https:\/\/i0.wp.com\/healthyforkful.com\/wp-content\/uploads\/2017\/11\/Brussels-Sprouts-reducida.jpg?resize=980%2C1307&#038;ssl=1\" alt=\"Orange Roasted Brussels Sprouts w Pomegranates &amp; Hazelnuts\" width=\"980\" height=\"1307\" srcset=\"https:\/\/i0.wp.com\/healthyforkful.com\/wp-content\/uploads\/2017\/11\/Brussels-Sprouts-reducida.jpg?w=3024&amp;ssl=1 3024w, https:\/\/i0.wp.com\/healthyforkful.com\/wp-content\/uploads\/2017\/11\/Brussels-Sprouts-reducida.jpg?resize=225%2C300&amp;ssl=1 225w, https:\/\/i0.wp.com\/healthyforkful.com\/wp-content\/uploads\/2017\/11\/Brussels-Sprouts-reducida.jpg?resize=768%2C1024&amp;ssl=1 768w, https:\/\/i0.wp.com\/healthyforkful.com\/wp-content\/uploads\/2017\/11\/Brussels-Sprouts-reducida.jpg?w=1960&amp;ssl=1 1960w, https:\/\/i0.wp.com\/healthyforkful.com\/wp-content\/uploads\/2017\/11\/Brussels-Sprouts-reducida.jpg?w=2940&amp;ssl=1 2940w\" sizes=\"(max-width: 980px) 100vw, 980px\" \/><\/a><\/p>\n<p>Como m\u00e1s las disfruto son crudas o asadas. El salteado de las coles de Bruselas les da una textura crujiente adorable y un sabor incre\u00edble, y si a\u00f1ades un poco de zumo de naranja al asarlas, obtendr\u00e1 unas deliciosas coles de Bruselas caramelizadas.<\/p>\n<p>Puedes disfrutarlas como parte de una ensalada o como guarnici\u00f3n. Aunque muchas noches que me da pereza liarme en la cocina, termino salte\u00e1ndolas r\u00e1pidamente en una sart\u00e9n con un poco de quinua cocida y lo remato con un huevo. Delicioso<\/p>\n<p>Como mencion\u00e9 anteriormente, las coles de Bruselas forman parte de la familia de las cruc\u00edferas (junto con el repollo, la coliflor o el br\u00f3coli), y son uno de las verduras con mayor densidad nutricional. Solo una porci\u00f3n cumple con los requerimientos diarios de vitamina C y K. Pueden ayudar a disminuir el riesgo de obesidad, enfermedades del coraz\u00f3n y se asocian con un bajo riesgo de c\u00e1ncer. En comparaci\u00f3n con otras verduras, las coles de Bruselas son bajas en prote\u00ednas (3-4 g por taza).<\/p>\n<p>La receta de hoy es perfecta para las pr\u00f3ximas festividades. Acci\u00f3n de gracias, Navidad, A\u00f1o Nuevo, donde abunda la carne, pero siempre debe haber espacio para algo verde. Estas coles de Bruselas asadas con naranja servidas con granada y avellana son todo lo que necesita en tu mesa, tienen un sabor tostado profundo que combina perfectamente con la dulzura de las granadas y las avellanas crujientes.<\/p>\n<p>\u00bfEres lo suficientemente valiente como para darles otro intento? \u00bfC\u00f3mo crees que te gustar\u00edan m\u00e1s? Recuerda compartir tus pensamientos en el \u00e1rea de comentarios a continuaci\u00f3n o etiqueta #healthyforkful las fotos de sus recreaciones para que no las pierda.<\/p>\n<div id=\"recipe\"><\/div><div id=\"wprm-recipe-container-3815\" class=\"wprm-recipe-container\" data-recipe-id=\"3815\" data-servings=\"0\"><div class=\"wprm-recipe wprm-recipe-tastefully-simple\">\n\t<div class=\"wprm-recipe-image-container\">\n\t\t\t\t<div class=\"wprm-recipe-image\"><img decoding=\"async\" width=\"150\" height=\"150\" src=\"https:\/\/i0.wp.com\/healthyforkful.com\/wp-content\/uploads\/2017\/11\/Brussels-Sprouts-reducida.jpg?resize=150%2C150&amp;ssl=1\" class=\"attachment-thumbnail size-thumbnail\" alt=\"\" srcset=\"https:\/\/i0.wp.com\/healthyforkful.com\/wp-content\/uploads\/2017\/11\/Brussels-Sprouts-reducida.jpg?resize=150%2C150&amp;ssl=1 150w, https:\/\/i0.wp.com\/healthyforkful.com\/wp-content\/uploads\/2017\/11\/Brussels-Sprouts-reducida.jpg?resize=320%2C320&amp;ssl=1 320w, https:\/\/i0.wp.com\/healthyforkful.com\/wp-content\/uploads\/2017\/11\/Brussels-Sprouts-reducida.jpg?zoom=3&amp;resize=150%2C150&amp;ssl=1 450w\" sizes=\"(max-width: 150px) 100vw, 150px\" data-attachment-id=\"1864\" data-permalink=\"https:\/\/healthyforkful.com\/es\/coles-bruselas-naranja-avellana-granada\/brussels-sprouts-reducida-2\/\" data-orig-file=\"https:\/\/i0.wp.com\/healthyforkful.com\/wp-content\/uploads\/2017\/11\/Brussels-Sprouts-reducida.jpg?fit=3024%2C4032&amp;ssl=1\" data-orig-size=\"3024,4032\" data-comments-opened=\"1\" data-image-meta=\"{&quot;aperture&quot;:&quot;2.2&quot;,&quot;credit&quot;:&quot;&quot;,&quot;camera&quot;:&quot;iPhone SE&quot;,&quot;caption&quot;:&quot;&quot;,&quot;created_timestamp&quot;:&quot;1509628099&quot;,&quot;copyright&quot;:&quot;&quot;,&quot;focal_length&quot;:&quot;4.15&quot;,&quot;iso&quot;:&quot;32&quot;,&quot;shutter_speed&quot;:&quot;0.028571428571429&quot;,&quot;title&quot;:&quot;&quot;,&quot;orientation&quot;:&quot;1&quot;}\" data-image-title=\"Brussels Sprouts reducida\" data-image-description=\"\" data-image-caption=\"&lt;p&gt;Coles de Bruselas salteadas&lt;\/p&gt;\n\" data-medium-file=\"https:\/\/i0.wp.com\/healthyforkful.com\/wp-content\/uploads\/2017\/11\/Brussels-Sprouts-reducida.jpg?fit=225%2C300&amp;ssl=1\" data-large-file=\"https:\/\/i0.wp.com\/healthyforkful.com\/wp-content\/uploads\/2017\/11\/Brussels-Sprouts-reducida.jpg?fit=768%2C1024&amp;ssl=1\" \/><\/div>\n\t\t<div class=\"wprm-recipe-buttons\">\n\t\t\t<a href=\"https:\/\/healthyforkful.com\/es\/wprm_print\/coles-de-bruselas-asados-con-naranja-granada-y-avellanas\" class=\"wprm-recipe-print wprm-color-accent\" target=\"_blank\" rel=\"nofollow\">Imprimir<\/a>\n\t\t<\/div>\n\t<\/div>\n\t<div class=\"wprm-recipe-name wprm-color-header\">Coles De Bruselas Asados Con Naranja, Granada y Avellanas<\/div>\n\t\t<div class=\"wprm-recipe-summary\">\n\t\t\t<\/div>\n\t<div class=\"wprm-recipe-details-container\">\n\t\t\t\t\t<div class=\"wprm-recipe-course-container\">\n\t\t\t\t<span class=\"wprm-recipe-details-name wprm-recipe-course-name\">Plato:<\/span>\n\t\t\t\t<span class=\"wprm-recipe-course\">\n\t\t\t\t\tAcompa\u00f1ante\t\t\t\t<\/span>\n\t\t\t<\/div>\n\t\t\t\t\t<div class=\"wprm-recipe-cuisine-container\">\n\t\t\t\t<span class=\"wprm-recipe-details-name wprm-recipe-cuisine-name\">Cocina:<\/span>\n\t\t\t\t<span class=\"wprm-recipe-cuisine\">\n\t\t\t\t\tSaludable\t\t\t\t<\/span>\n\t\t\t<\/div>\n\t\t\t\t\t\t\t\t\t<\/div>\n\n\t\t<div class=\"wprm-recipe-ingredients-container\">\n\t\t<div class=\"wprm-recipe-header wprm-color-header\">Ingredientes<\/div>\n\t\t\t\t<div class=\"wprm-recipe-ingredient-group\">\n\t\t\t\t\t\t<ul class=\"wprm-recipe-ingredients\">\n\t\t\t\t\t\t\t\t<li class=\"wprm-recipe-ingredient\">\n\t\t\t\t\t\t\t\t\t\t<span class=\"wprm-recipe-ingredient-amount\">200<\/span>\n\t\t\t\t\t\t\t\t\t\t\t\t\t\t\t<span class=\"wprm-recipe-ingredient-unit\">gramos<\/span>\n\t\t\t\t\t\t\t\t\t\t<span class=\"wprm-recipe-ingredient-name\">de coles de bruselas<\/span>\n\t\t\t\t\t\t\t\t\t<\/li>\n\t\t\t\t\t\t\t\t<li class=\"wprm-recipe-ingredient\">\n\t\t\t\t\t\t\t\t\t\t<span class=\"wprm-recipe-ingredient-amount\">50<\/span>\n\t\t\t\t\t\t\t\t\t\t\t\t\t\t\t<span class=\"wprm-recipe-ingredient-unit\">gramos<\/span>\n\t\t\t\t\t\t\t\t\t\t<span class=\"wprm-recipe-ingredient-name\">de avellanas tostadas<\/span>\n\t\t\t\t\t\t\t\t\t\t<span class=\"wprm-recipe-ingredient-notes\">troceadas<\/span>\n\t\t\t\t\t\t\t\t\t<\/li>\n\t\t\t\t\t\t\t\t<li class=\"wprm-recipe-ingredient\">\n\t\t\t\t\t\t\t\t\t\t<span class=\"wprm-recipe-ingredient-amount\">100<\/span>\n\t\t\t\t\t\t\t\t\t\t\t\t\t\t\t<span class=\"wprm-recipe-ingredient-unit\">gramos<\/span>\n\t\t\t\t\t\t\t\t\t\t<span class=\"wprm-recipe-ingredient-name\">de granos de granada<\/span>\n\t\t\t\t\t\t\t\t\t<\/li>\n\t\t\t\t\t\t\t\t<li class=\"wprm-recipe-ingredient\">\n\t\t\t\t\t\t\t\t\t\t<span class=\"wprm-recipe-ingredient-amount\">1<\/span>\n\t\t\t\t\t\t\t\t\t\t\t\t\t\t\t<span class=\"wprm-recipe-ingredient-name\">naranja<\/span>\n\t\t\t\t\t\t\t\t\t\t<span class=\"wprm-recipe-ingredient-notes\">ralladura y jugo<\/span>\n\t\t\t\t\t\t\t\t\t<\/li>\n\t\t\t\t\t\t\t\t<li class=\"wprm-recipe-ingredient\">\n\t\t\t\t\t\t\t\t\t\t<span class=\"wprm-recipe-ingredient-amount\">2<\/span>\n\t\t\t\t\t\t\t\t\t\t\t\t\t\t\t<span class=\"wprm-recipe-ingredient-unit\">cucharadas<\/span>\n\t\t\t\t\t\t\t\t\t\t<span class=\"wprm-recipe-ingredient-name\">de aceite de oliva virgen extra<\/span>\n\t\t\t\t\t\t\t\t\t<\/li>\n\t\t\t\t\t\t\t\t<li class=\"wprm-recipe-ingredient\">\n\t\t\t\t\t\t\t\t\t\t\t\t\t\t\t<span class=\"wprm-recipe-ingredient-name\">sal<\/span>\n\t\t\t\t\t\t\t\t\t<\/li>\n\t\t\t\t\t\t\t<\/ul>\n\t\t<\/div>\n\t \t \t<\/div>\n\t\t\t<div class=\"wprm-recipe-instructions-container\">\n\t\t<div class=\"wprm-recipe-header wprm-color-header\">Elaboraci\u00f3n paso a paso<\/div>\n\t\t\t\t<div class=\"wprm-recipe-instruction-group\">\n\t\t\t\t\t\t<ol class=\"wprm-recipe-instructions\">\n\t\t\t\t\t\t\t\t<li class=\"wprm-recipe-instruction\">\n\t\t\t\t\t\t\t\t\t\t<div class=\"wprm-recipe-instruction-text\"><p>Precalentar el horno a 180\u00baC. Cubra una bandeja para hornear con papel vegetal.<\/p><p>Limpie las coles quitando las hojas exteriores, quite el tallo y c\u00f3rtelos por la mitad.<\/p><p>Colocar en un bol y mezclar con el aceite de oliva, el zumo de naranja y la sal. Extender sobre la bandeja de hornear y asar hasta que est\u00e9n doradas, unos 20 minutos.<\/p><p>Cuando est\u00e9 listo, ret\u00edrelo de la bandeja y agregue las granadas y avellanas. Servir.<\/p><\/div>\n\t\t\t\t\t\t\t\t\t\t\t\t\t\t<\/li>\n\t\t\t\t\t\t\t<\/ol>\n\t\t<\/div>\n\t\t\t<\/div>\n\t\t\t\t<\/div>\n<\/div>\n<div class=\"wprm-fallback-recipe\">\n<div class=\"wprm-fallback-recipe-notes\"><\/div>\n<\/div>\n<p><!--End WPRM Recipe--><\/p>\n<!-- AddThis Advanced Settings generic via filter on the_content --><!-- AddThis Share Buttons generic via filter on the_content -->","protected":false},"excerpt":{"rendered":"<p>S\u00e9 que las coles de Bruselas probablemente no est\u00e1n en tu lista de favoritos, suelen tener mala reputaci\u00f3n. De hecho, apenas hace un par de a\u00f1os que est\u00e1 en la m\u00eda. Fue cuando, cansada de leer por todas partes lo buenas y beneficiosas que son para nuestra salud, decid\u00ed intentarlo. Definitivamente sab\u00eda que no me&#8230;<!-- AddThis Advanced Settings generic via filter on get_the_excerpt --><!-- AddThis Share Buttons generic via filter on get_the_excerpt --><\/p>\n<p><a class=\"more-link\" href=\"https:\/\/healthyforkful.com\/es\/coles-bruselas-naranja-avellana-granada\/\">Read More<\/a><\/p>","protected":false},"author":1,"featured_media":1864,"comment_status":"closed","ping_status":"closed","sticky":false,"template":"","format":"standard","meta":{"wprm-recipe-roundup-name":"","wprm-recipe-roundup-description":"","_monsterinsights_skip_tracking":false,"_monsterinsights_sitenote_active":false,"_monsterinsights_sitenote_note":"","_monsterinsights_sitenote_category":0,"_genesis_hide_title":false,"_genesis_hide_breadcrumbs":false,"_genesis_hide_singular_image":false,"_genesis_hide_footer_widgets":false,"_genesis_custom_body_class":"","_genesis_custom_post_class":"","_genesis_layout":"","jetpack_post_was_ever_published":false,"_jetpack_newsletter_access":"","_jetpack_dont_email_post_to_subs":false,"_jetpack_newsletter_tier_id":0,"_jetpack_memberships_contains_paywalled_content":false,"_jetpack_memberships_contains_paid_content":false,"footnotes":"","jetpack_publicize_message":"","jetpack_publicize_feature_enabled":true,"jetpack_social_post_already_shared":true,"jetpack_social_options":{"image_generator_settings":{"template":"highway","default_image_id":0,"font":"","enabled":false},"version":2}},"categories":[842,841],"tags":[2131,2600,2097,1981,1920,1996,2595,2603,2597],"class_list":{"0":"post-3813","1":"post","2":"type-post","3":"status-publish","4":"format-standard","5":"has-post-thumbnail","7":"category-acompanamientos","8":"category-recetas","9":"tag-accion-de-gracias","10":"tag-celebraciones-es","11":"tag-coles-de-bruselas","12":"tag-fruta","13":"tag-navidad","14":"tag-otono","15":"tag-sin-gluten-es","16":"tag-vegano-es","17":"tag-vegetariano-es-2","18":"entry"},"yoast_head":"<!-- This site is optimized with the Yoast SEO plugin v26.8 - https:\/\/yoast.com\/product\/yoast-seo-wordpress\/ -->\n<title>Coles de Bruselas con Naranja, Avellanas y Granada - Healthy Forkful<\/title>\n<meta name=\"description\" content=\"S\u00e9 que las coles de Bruselas probablemente no est\u00e1n en tu lista de favoritos, suelen tener mala reputaci\u00f3n. De hecho, apenas hace un par de a\u00f1os que est\u00e1\" \/>\n<meta name=\"robots\" content=\"index, follow, max-snippet:-1, max-image-preview:large, max-video-preview:-1\" \/>\n<link rel=\"canonical\" href=\"https:\/\/healthyforkful.com\/es\/coles-bruselas-naranja-avellana-granada\/\" \/>\n<meta property=\"og:locale\" content=\"es_ES\" \/>\n<meta property=\"og:type\" content=\"article\" \/>\n<meta property=\"og:title\" content=\"Coles de Bruselas con Naranja, Avellanas y Granada - Healthy Forkful\" \/>\n<meta property=\"og:description\" content=\"S\u00e9 que las coles de Bruselas probablemente no est\u00e1n en tu lista de favoritos, suelen tener mala reputaci\u00f3n. De hecho, apenas hace un par de a\u00f1os que est\u00e1\" \/>\n<meta property=\"og:url\" content=\"https:\/\/healthyforkful.com\/es\/coles-bruselas-naranja-avellana-granada\/\" \/>\n<meta property=\"og:site_name\" content=\"Healthy Forkful\" \/>\n<meta property=\"article:publisher\" content=\"www.facebook.com\/healthyforkful\" \/>\n<meta property=\"article:author\" content=\"www.facebook.com\/healthyforkful\" \/>\n<meta property=\"article:published_time\" content=\"2017-11-20T07:25:39+00:00\" \/>\n<meta property=\"article:modified_time\" content=\"2020-11-25T08:36:38+00:00\" \/>\n<meta property=\"og:image\" content=\"https:\/\/i0.wp.com\/www.healthyforkful.com\/wp-content\/uploads\/2017\/11\/Brussels-Sprouts-reducida.jpg?fit=3024%2C4032&ssl=1\" \/>\n\t<meta property=\"og:image:width\" content=\"3024\" \/>\n\t<meta property=\"og:image:height\" content=\"4032\" \/>\n\t<meta property=\"og:image:type\" content=\"image\/jpeg\" \/>\n<meta name=\"author\" content=\"Maria\" \/>\n<meta name=\"twitter:card\" content=\"summary_large_image\" \/>\n<meta name=\"twitter:creator\" content=\"@healthyforkful\" \/>\n<meta name=\"twitter:site\" content=\"@healthyforkful\" \/>\n<meta name=\"twitter:label1\" content=\"Escrito por\" \/>\n\t<meta name=\"twitter:data1\" content=\"Maria\" \/>\n\t<meta name=\"twitter:label2\" content=\"Tiempo de lectura\" \/>\n\t<meta name=\"twitter:data2\" content=\"3 minutos\" \/>\n<script type=\"application\/ld+json\" class=\"yoast-schema-graph\">{\"@context\":\"https:\/\/schema.org\",\"@graph\":[{\"@type\":\"Article\",\"@id\":\"https:\/\/healthyforkful.com\/es\/coles-bruselas-naranja-avellana-granada\/#article\",\"isPartOf\":{\"@id\":\"https:\/\/healthyforkful.com\/es\/coles-bruselas-naranja-avellana-granada\/\"},\"author\":{\"name\":\"Maria\",\"@id\":\"https:\/\/healthyforkful.com\/#\/schema\/person\/36d13024a9c2682528a14123f097fb96\"},\"headline\":\"Coles de Bruselas con Naranja, Avellanas y Granada\",\"datePublished\":\"2017-11-20T07:25:39+00:00\",\"dateModified\":\"2020-11-25T08:36:38+00:00\",\"mainEntityOfPage\":{\"@id\":\"https:\/\/healthyforkful.com\/es\/coles-bruselas-naranja-avellana-granada\/\"},\"wordCount\":556,\"publisher\":{\"@id\":\"https:\/\/healthyforkful.com\/#\/schema\/person\/36d13024a9c2682528a14123f097fb96\"},\"image\":{\"@id\":\"https:\/\/healthyforkful.com\/es\/coles-bruselas-naranja-avellana-granada\/#primaryimage\"},\"thumbnailUrl\":\"https:\/\/i0.wp.com\/healthyforkful.com\/wp-content\/uploads\/2017\/11\/Brussels-Sprouts-reducida.jpg?fit=3024%2C4032&ssl=1\",\"keywords\":[\"Acci\u00f3n de Gracias\",\"celebraciones\",\"coles de Bruselas\",\"fruta\",\"Navidad\",\"oto\u00f1o\",\"sin gluten\",\"vegano\",\"vegetariano\"],\"articleSection\":[\"Acompa\u00f1amientos\",\"Recetas\"],\"inLanguage\":\"es\"},{\"@type\":\"WebPage\",\"@id\":\"https:\/\/healthyforkful.com\/es\/coles-bruselas-naranja-avellana-granada\/\",\"url\":\"https:\/\/healthyforkful.com\/es\/coles-bruselas-naranja-avellana-granada\/\",\"name\":\"Coles de Bruselas con Naranja, Avellanas y Granada - Healthy Forkful\",\"isPartOf\":{\"@id\":\"https:\/\/healthyforkful.com\/#website\"},\"primaryImageOfPage\":{\"@id\":\"https:\/\/healthyforkful.com\/es\/coles-bruselas-naranja-avellana-granada\/#primaryimage\"},\"image\":{\"@id\":\"https:\/\/healthyforkful.com\/es\/coles-bruselas-naranja-avellana-granada\/#primaryimage\"},\"thumbnailUrl\":\"https:\/\/i0.wp.com\/healthyforkful.com\/wp-content\/uploads\/2017\/11\/Brussels-Sprouts-reducida.jpg?fit=3024%2C4032&ssl=1\",\"datePublished\":\"2017-11-20T07:25:39+00:00\",\"dateModified\":\"2020-11-25T08:36:38+00:00\",\"description\":\"S\u00e9 que las coles de Bruselas probablemente no est\u00e1n en tu lista de favoritos, suelen tener mala reputaci\u00f3n. De hecho, apenas hace un par de a\u00f1os que est\u00e1\",\"breadcrumb\":{\"@id\":\"https:\/\/healthyforkful.com\/es\/coles-bruselas-naranja-avellana-granada\/#breadcrumb\"},\"inLanguage\":\"es\",\"potentialAction\":[{\"@type\":\"ReadAction\",\"target\":[\"https:\/\/healthyforkful.com\/es\/coles-bruselas-naranja-avellana-granada\/\"]}]},{\"@type\":\"ImageObject\",\"inLanguage\":\"es\",\"@id\":\"https:\/\/healthyforkful.com\/es\/coles-bruselas-naranja-avellana-granada\/#primaryimage\",\"url\":\"https:\/\/i0.wp.com\/healthyforkful.com\/wp-content\/uploads\/2017\/11\/Brussels-Sprouts-reducida.jpg?fit=3024%2C4032&ssl=1\",\"contentUrl\":\"https:\/\/i0.wp.com\/healthyforkful.com\/wp-content\/uploads\/2017\/11\/Brussels-Sprouts-reducida.jpg?fit=3024%2C4032&ssl=1\",\"width\":3024,\"height\":4032,\"caption\":\"Coles de Bruselas salteadas\"},{\"@type\":\"BreadcrumbList\",\"@id\":\"https:\/\/healthyforkful.com\/es\/coles-bruselas-naranja-avellana-granada\/#breadcrumb\",\"itemListElement\":[{\"@type\":\"ListItem\",\"position\":1,\"name\":\"Home\",\"item\":\"https:\/\/healthyforkful.com\/es\/\"},{\"@type\":\"ListItem\",\"position\":2,\"name\":\"Acompa\u00f1amientos\",\"item\":\"https:\/\/healthyforkful.com\/es\/category\/acompanamientos\/\"},{\"@type\":\"ListItem\",\"position\":3,\"name\":\"Coles de Bruselas con Naranja, Avellanas y Granada\"}]},{\"@type\":\"WebSite\",\"@id\":\"https:\/\/healthyforkful.com\/#website\",\"url\":\"https:\/\/healthyforkful.com\/\",\"name\":\"Healthy Forkful\",\"description\":\"Recetas nutritivas y deliciosas \",\"publisher\":{\"@id\":\"https:\/\/healthyforkful.com\/#\/schema\/person\/36d13024a9c2682528a14123f097fb96\"},\"potentialAction\":[{\"@type\":\"SearchAction\",\"target\":{\"@type\":\"EntryPoint\",\"urlTemplate\":\"https:\/\/healthyforkful.com\/?s={search_term_string}\"},\"query-input\":{\"@type\":\"PropertyValueSpecification\",\"valueRequired\":true,\"valueName\":\"search_term_string\"}}],\"inLanguage\":\"es\"},{\"@type\":[\"Person\",\"Organization\"],\"@id\":\"https:\/\/healthyforkful.com\/#\/schema\/person\/36d13024a9c2682528a14123f097fb96\",\"name\":\"Maria\",\"image\":{\"@type\":\"ImageObject\",\"inLanguage\":\"es\",\"@id\":\"https:\/\/healthyforkful.com\/#\/schema\/person\/image\/\",\"url\":\"https:\/\/i0.wp.com\/www.healthyforkful.com\/wp-content\/uploads\/2017\/11\/Maria-Llamas.jpg?fit=200%2C200&ssl=1\",\"contentUrl\":\"https:\/\/i0.wp.com\/www.healthyforkful.com\/wp-content\/uploads\/2017\/11\/Maria-Llamas.jpg?fit=200%2C200&ssl=1\",\"width\":200,\"height\":200,\"caption\":\"Maria\"},\"logo\":{\"@id\":\"https:\/\/healthyforkful.com\/#\/schema\/person\/image\/\"},\"sameAs\":[\"https:\/\/healthyforkful.com\/\",\"www.facebook.com\/healthyforkful\"]}]}<\/script>\n<!-- \/ Yoast SEO plugin. -->","yoast_head_json":{"title":"Coles de Bruselas con Naranja, Avellanas y Granada - Healthy Forkful","description":"S\u00e9 que las coles de Bruselas probablemente no est\u00e1n en tu lista de favoritos, suelen tener mala reputaci\u00f3n. De hecho, apenas hace un par de a\u00f1os que est\u00e1","robots":{"index":"index","follow":"follow","max-snippet":"max-snippet:-1","max-image-preview":"max-image-preview:large","max-video-preview":"max-video-preview:-1"},"canonical":"https:\/\/healthyforkful.com\/es\/coles-bruselas-naranja-avellana-granada\/","og_locale":"es_ES","og_type":"article","og_title":"Coles de Bruselas con Naranja, Avellanas y Granada - Healthy Forkful","og_description":"S\u00e9 que las coles de Bruselas probablemente no est\u00e1n en tu lista de favoritos, suelen tener mala reputaci\u00f3n. De hecho, apenas hace un par de a\u00f1os que est\u00e1","og_url":"https:\/\/healthyforkful.com\/es\/coles-bruselas-naranja-avellana-granada\/","og_site_name":"Healthy Forkful","article_publisher":"www.facebook.com\/healthyforkful","article_author":"www.facebook.com\/healthyforkful","article_published_time":"2017-11-20T07:25:39+00:00","article_modified_time":"2020-11-25T08:36:38+00:00","og_image":[{"width":3024,"height":4032,"url":"https:\/\/i0.wp.com\/www.healthyforkful.com\/wp-content\/uploads\/2017\/11\/Brussels-Sprouts-reducida.jpg?fit=3024%2C4032&ssl=1","type":"image\/jpeg"}],"author":"Maria","twitter_card":"summary_large_image","twitter_creator":"@healthyforkful","twitter_site":"@healthyforkful","twitter_misc":{"Escrito por":"Maria","Tiempo de lectura":"3 minutos"},"schema":{"@context":"https:\/\/schema.org","@graph":[{"@type":"Article","@id":"https:\/\/healthyforkful.com\/es\/coles-bruselas-naranja-avellana-granada\/#article","isPartOf":{"@id":"https:\/\/healthyforkful.com\/es\/coles-bruselas-naranja-avellana-granada\/"},"author":{"name":"Maria","@id":"https:\/\/healthyforkful.com\/#\/schema\/person\/36d13024a9c2682528a14123f097fb96"},"headline":"Coles de Bruselas con Naranja, Avellanas y Granada","datePublished":"2017-11-20T07:25:39+00:00","dateModified":"2020-11-25T08:36:38+00:00","mainEntityOfPage":{"@id":"https:\/\/healthyforkful.com\/es\/coles-bruselas-naranja-avellana-granada\/"},"wordCount":556,"publisher":{"@id":"https:\/\/healthyforkful.com\/#\/schema\/person\/36d13024a9c2682528a14123f097fb96"},"image":{"@id":"https:\/\/healthyforkful.com\/es\/coles-bruselas-naranja-avellana-granada\/#primaryimage"},"thumbnailUrl":"https:\/\/i0.wp.com\/healthyforkful.com\/wp-content\/uploads\/2017\/11\/Brussels-Sprouts-reducida.jpg?fit=3024%2C4032&ssl=1","keywords":["Acci\u00f3n de Gracias","celebraciones","coles de Bruselas","fruta","Navidad","oto\u00f1o","sin gluten","vegano","vegetariano"],"articleSection":["Acompa\u00f1amientos","Recetas"],"inLanguage":"es"},{"@type":"WebPage","@id":"https:\/\/healthyforkful.com\/es\/coles-bruselas-naranja-avellana-granada\/","url":"https:\/\/healthyforkful.com\/es\/coles-bruselas-naranja-avellana-granada\/","name":"Coles de Bruselas con Naranja, Avellanas y Granada - Healthy Forkful","isPartOf":{"@id":"https:\/\/healthyforkful.com\/#website"},"primaryImageOfPage":{"@id":"https:\/\/healthyforkful.com\/es\/coles-bruselas-naranja-avellana-granada\/#primaryimage"},"image":{"@id":"https:\/\/healthyforkful.com\/es\/coles-bruselas-naranja-avellana-granada\/#primaryimage"},"thumbnailUrl":"https:\/\/i0.wp.com\/healthyforkful.com\/wp-content\/uploads\/2017\/11\/Brussels-Sprouts-reducida.jpg?fit=3024%2C4032&ssl=1","datePublished":"2017-11-20T07:25:39+00:00","dateModified":"2020-11-25T08:36:38+00:00","description":"S\u00e9 que las coles de Bruselas probablemente no est\u00e1n en tu lista de favoritos, suelen tener mala reputaci\u00f3n. De hecho, apenas hace un par de a\u00f1os que est\u00e1","breadcrumb":{"@id":"https:\/\/healthyforkful.com\/es\/coles-bruselas-naranja-avellana-granada\/#breadcrumb"},"inLanguage":"es","potentialAction":[{"@type":"ReadAction","target":["https:\/\/healthyforkful.com\/es\/coles-bruselas-naranja-avellana-granada\/"]}]},{"@type":"ImageObject","inLanguage":"es","@id":"https:\/\/healthyforkful.com\/es\/coles-bruselas-naranja-avellana-granada\/#primaryimage","url":"https:\/\/i0.wp.com\/healthyforkful.com\/wp-content\/uploads\/2017\/11\/Brussels-Sprouts-reducida.jpg?fit=3024%2C4032&ssl=1","contentUrl":"https:\/\/i0.wp.com\/healthyforkful.com\/wp-content\/uploads\/2017\/11\/Brussels-Sprouts-reducida.jpg?fit=3024%2C4032&ssl=1","width":3024,"height":4032,"caption":"Coles de Bruselas salteadas"},{"@type":"BreadcrumbList","@id":"https:\/\/healthyforkful.com\/es\/coles-bruselas-naranja-avellana-granada\/#breadcrumb","itemListElement":[{"@type":"ListItem","position":1,"name":"Home","item":"https:\/\/healthyforkful.com\/es\/"},{"@type":"ListItem","position":2,"name":"Acompa\u00f1amientos","item":"https:\/\/healthyforkful.com\/es\/category\/acompanamientos\/"},{"@type":"ListItem","position":3,"name":"Coles de Bruselas con Naranja, Avellanas y Granada"}]},{"@type":"WebSite","@id":"https:\/\/healthyforkful.com\/#website","url":"https:\/\/healthyforkful.com\/","name":"Healthy Forkful","description":"Recetas nutritivas y deliciosas ","publisher":{"@id":"https:\/\/healthyforkful.com\/#\/schema\/person\/36d13024a9c2682528a14123f097fb96"},"potentialAction":[{"@type":"SearchAction","target":{"@type":"EntryPoint","urlTemplate":"https:\/\/healthyforkful.com\/?s={search_term_string}"},"query-input":{"@type":"PropertyValueSpecification","valueRequired":true,"valueName":"search_term_string"}}],"inLanguage":"es"},{"@type":["Person","Organization"],"@id":"https:\/\/healthyforkful.com\/#\/schema\/person\/36d13024a9c2682528a14123f097fb96","name":"Maria","image":{"@type":"ImageObject","inLanguage":"es","@id":"https:\/\/healthyforkful.com\/#\/schema\/person\/image\/","url":"https:\/\/i0.wp.com\/www.healthyforkful.com\/wp-content\/uploads\/2017\/11\/Maria-Llamas.jpg?fit=200%2C200&ssl=1","contentUrl":"https:\/\/i0.wp.com\/www.healthyforkful.com\/wp-content\/uploads\/2017\/11\/Maria-Llamas.jpg?fit=200%2C200&ssl=1","width":200,"height":200,"caption":"Maria"},"logo":{"@id":"https:\/\/healthyforkful.com\/#\/schema\/person\/image\/"},"sameAs":["https:\/\/healthyforkful.com\/","www.facebook.com\/healthyforkful"]}]}},"jetpack_publicize_connections":[],"jetpack_featured_media_url":"https:\/\/i0.wp.com\/healthyforkful.com\/wp-content\/uploads\/2017\/11\/Brussels-Sprouts-reducida.jpg?fit=3024%2C4032&ssl=1","jetpack_sharing_enabled":true,"jetpack_shortlink":"https:\/\/wp.me\/p8n1Ll-Zv","jetpack-related-posts":[{"id":5779,"url":"https:\/\/healthyforkful.com\/es\/coles-de-bruselas-con-boniato-y-quinoa\/","url_meta":{"origin":3813,"position":0},"title":"Coles de Bruselas con boniato y quinoa","author":"Maria","date":"","format":false,"excerpt":"Cocinar coles de Bruselas \u00bfte parece aburrido? Si eres de los que suele pasar de las coles, te digo que no puedes decir que no te gustan, hasta que hayas probado este plato! Y es que como digo siempre, no es que no te guste una verdura, si no que\u2026","rel":"","context":"En \u00abPrincipales\u00bb","block_context":{"text":"Principales","link":"https:\/\/healthyforkful.com\/es\/category\/principales\/"},"img":{"alt_text":"coles de Bruselas","src":"https:\/\/i0.wp.com\/healthyforkful.com\/wp-content\/uploads\/2020\/11\/coles-de-bruselas-con-boniato-huevo-y-otras-cositas-ricas-1024x779-1.jpg?fit=1024%2C779&ssl=1&resize=350%2C200","width":350,"height":200,"srcset":"https:\/\/i0.wp.com\/healthyforkful.com\/wp-content\/uploads\/2020\/11\/coles-de-bruselas-con-boniato-huevo-y-otras-cositas-ricas-1024x779-1.jpg?fit=1024%2C779&ssl=1&resize=350%2C200 1x, https:\/\/i0.wp.com\/healthyforkful.com\/wp-content\/uploads\/2020\/11\/coles-de-bruselas-con-boniato-huevo-y-otras-cositas-ricas-1024x779-1.jpg?fit=1024%2C779&ssl=1&resize=525%2C300 1.5x, https:\/\/i0.wp.com\/healthyforkful.com\/wp-content\/uploads\/2020\/11\/coles-de-bruselas-con-boniato-huevo-y-otras-cositas-ricas-1024x779-1.jpg?fit=1024%2C779&ssl=1&resize=700%2C400 2x"},"classes":[]},{"id":3373,"url":"https:\/\/healthyforkful.com\/es\/como-comer-mas-verdura-incluso-cuando-no-te-gusta\/","url_meta":{"origin":3813,"position":1},"title":"C\u00f3mo Comer M\u00e1s Verdura Incluso Cuando \u00abNo Te Gusta\u00bb","author":"Maria","date":"","format":false,"excerpt":"\u00bfCu\u00e1ntas veces hab\u00e9is jurado que no os gusta una cierta verdura? \u00bfVuestros hijos os la montan en la mesa cada vez que hay br\u00f3coli? Puede ser frustrante, tanto para el cocinero que se ha esforzado en crear una cena deliciosa y nutritiva y le terminan rechazando el plato porque al\u2026","rel":"","context":"En \u00abH\u00e1bitos Saludables\u00bb","block_context":{"text":"H\u00e1bitos Saludables","link":"https:\/\/healthyforkful.com\/es\/category\/habitos-saludables\/"},"img":{"alt_text":"Brocoli","src":"https:\/\/i0.wp.com\/healthyforkful.com\/wp-content\/uploads\/2018\/09\/broccoli-1974801_1280.jpg?fit=1200%2C800&ssl=1&resize=350%2C200","width":350,"height":200,"srcset":"https:\/\/i0.wp.com\/healthyforkful.com\/wp-content\/uploads\/2018\/09\/broccoli-1974801_1280.jpg?fit=1200%2C800&ssl=1&resize=350%2C200 1x, https:\/\/i0.wp.com\/healthyforkful.com\/wp-content\/uploads\/2018\/09\/broccoli-1974801_1280.jpg?fit=1200%2C800&ssl=1&resize=525%2C300 1.5x, https:\/\/i0.wp.com\/healthyforkful.com\/wp-content\/uploads\/2018\/09\/broccoli-1974801_1280.jpg?fit=1200%2C800&ssl=1&resize=700%2C400 2x, https:\/\/i0.wp.com\/healthyforkful.com\/wp-content\/uploads\/2018\/09\/broccoli-1974801_1280.jpg?fit=1200%2C800&ssl=1&resize=1050%2C600 3x"},"classes":[]},{"id":5786,"url":"https:\/\/healthyforkful.com\/es\/trio-de-ases-para-tus-fiestas\/","url_meta":{"origin":3813,"position":2},"title":"Tr\u00edo de ases para tus fiestas","author":"Maria","date":"","format":false,"excerpt":"Ensalada de coles de Bruselas, jud\u00edas verdes salteadas, y zanahoria con chiriv\u00eda asada. Un tr\u00edo de ases ideal para a\u00f1adir algo de verdura a tus celebraciones. Quien me conoce, sabe que para Navidades u otras celebraciones, adem\u00e1s de aperitivos, un principal m\u00e1s o menos tradicional, turrones y dulces varios, no\u2026","rel":"","context":"En \u00abAcompa\u00f1amientos\u00bb","block_context":{"text":"Acompa\u00f1amientos","link":"https:\/\/healthyforkful.com\/es\/category\/acompanamientos\/"},"img":{"alt_text":"Tr\u00edo de ases para tus fiestas","src":"https:\/\/i0.wp.com\/healthyforkful.com\/wp-content\/uploads\/2020\/11\/Tri%CC%81o-de-ases-2-scaled.jpg?fit=900%2C1200&ssl=1&resize=350%2C200","width":350,"height":200,"srcset":"https:\/\/i0.wp.com\/healthyforkful.com\/wp-content\/uploads\/2020\/11\/Tri%CC%81o-de-ases-2-scaled.jpg?fit=900%2C1200&ssl=1&resize=350%2C200 1x, https:\/\/i0.wp.com\/healthyforkful.com\/wp-content\/uploads\/2020\/11\/Tri%CC%81o-de-ases-2-scaled.jpg?fit=900%2C1200&ssl=1&resize=525%2C300 1.5x, https:\/\/i0.wp.com\/healthyforkful.com\/wp-content\/uploads\/2020\/11\/Tri%CC%81o-de-ases-2-scaled.jpg?fit=900%2C1200&ssl=1&resize=700%2C400 2x"},"classes":[]},{"id":6042,"url":"https:\/\/healthyforkful.com\/es\/pollo-meloso-con-toque-asiatico\/","url_meta":{"origin":3813,"position":3},"title":"Pollo meloso con toque asi\u00e1tico","author":"Maria","date":"","format":false,"excerpt":"Este pollo meloso con toque asi\u00e1tico se va a volver uno de tus nuevos favoritos. Es un plato inspirado en la cocina asi\u00e1tica, f\u00e1cil de hacer, con ese punto picante-dulce que me encanta. S\u00edrvelo con arroz basmati integral y unas hojas verdes (espinacas salteadas o coles de Bruselas le ir\u00eda\u2026","rel":"","context":"En \u00abPrincipales\u00bb","block_context":{"text":"Principales","link":"https:\/\/healthyforkful.com\/es\/category\/principales\/"},"img":{"alt_text":"","src":"https:\/\/i0.wp.com\/healthyforkful.com\/wp-content\/uploads\/2021\/01\/Pollo-meloso-con-toque-asia%CC%81tico.jpg?fit=900%2C1200&ssl=1&resize=350%2C200","width":350,"height":200,"srcset":"https:\/\/i0.wp.com\/healthyforkful.com\/wp-content\/uploads\/2021\/01\/Pollo-meloso-con-toque-asia%CC%81tico.jpg?fit=900%2C1200&ssl=1&resize=350%2C200 1x, https:\/\/i0.wp.com\/healthyforkful.com\/wp-content\/uploads\/2021\/01\/Pollo-meloso-con-toque-asia%CC%81tico.jpg?fit=900%2C1200&ssl=1&resize=525%2C300 1.5x, https:\/\/i0.wp.com\/healthyforkful.com\/wp-content\/uploads\/2021\/01\/Pollo-meloso-con-toque-asia%CC%81tico.jpg?fit=900%2C1200&ssl=1&resize=700%2C400 2x"},"classes":[]},{"id":2712,"url":"https:\/\/healthyforkful.com\/es\/hamburguesa-coliflor-saludable\/","url_meta":{"origin":3813,"position":4},"title":"Hamburguesa Coliflor Saludable","author":"Maria","date":"","format":false,"excerpt":"Esta hamburguesa especiada de coliflor sabe a gloria. Las hice la semana pasada para nuestra nueva tradici\u00f3n de fines de semana de comida r\u00e1pida saludable y fue un \u00e9xito total. Casi no me lo puedo creer, la coliflor fue una de las verduras que m\u00e1s odiaba en mi juventud. No\u2026","rel":"","context":"En \u00abPrincipales\u00bb","block_context":{"text":"Principales","link":"https:\/\/healthyforkful.com\/es\/category\/principales\/"},"img":{"alt_text":"spiced cauliflower burger","src":"https:\/\/i0.wp.com\/healthyforkful.com\/wp-content\/uploads\/2018\/03\/cauliflower-burger.jpg?fit=900%2C1200&ssl=1&resize=350%2C200","width":350,"height":200,"srcset":"https:\/\/i0.wp.com\/healthyforkful.com\/wp-content\/uploads\/2018\/03\/cauliflower-burger.jpg?fit=900%2C1200&ssl=1&resize=350%2C200 1x, https:\/\/i0.wp.com\/healthyforkful.com\/wp-content\/uploads\/2018\/03\/cauliflower-burger.jpg?fit=900%2C1200&ssl=1&resize=525%2C300 1.5x, https:\/\/i0.wp.com\/healthyforkful.com\/wp-content\/uploads\/2018\/03\/cauliflower-burger.jpg?fit=900%2C1200&ssl=1&resize=700%2C400 2x"},"classes":[]},{"id":5720,"url":"https:\/\/healthyforkful.com\/es\/alimentos-antiestres\/","url_meta":{"origin":3813,"position":5},"title":"Alimentos antiestr\u00e9s","author":"Maria","date":"","format":false,"excerpt":"No podemos negar que este a\u00f1o est\u00e1 siendo un a\u00f1o complicado, a prueba de balas. Pero estas \u00faltimas semanas est\u00e1n sido especialmente estresantes para mi. Trabajo con muchos cambios a la vez, incertidumbre falta de contacto con amigos, familia que est\u00e1 lejos... Todo esto me hace sentir desmotivada, un poco\u2026","rel":"","context":"En \u00abH\u00e1bitos Saludables\u00bb","block_context":{"text":"H\u00e1bitos Saludables","link":"https:\/\/healthyforkful.com\/es\/category\/habitos-saludables\/"},"img":{"alt_text":"","src":"https:\/\/i0.wp.com\/healthyforkful.com\/wp-content\/uploads\/2020\/11\/IMG_8166.jpg?fit=1200%2C800&ssl=1&resize=350%2C200","width":350,"height":200,"srcset":"https:\/\/i0.wp.com\/healthyforkful.com\/wp-content\/uploads\/2020\/11\/IMG_8166.jpg?fit=1200%2C800&ssl=1&resize=350%2C200 1x, https:\/\/i0.wp.com\/healthyforkful.com\/wp-content\/uploads\/2020\/11\/IMG_8166.jpg?fit=1200%2C800&ssl=1&resize=525%2C300 1.5x, https:\/\/i0.wp.com\/healthyforkful.com\/wp-content\/uploads\/2020\/11\/IMG_8166.jpg?fit=1200%2C800&ssl=1&resize=700%2C400 2x, https:\/\/i0.wp.com\/healthyforkful.com\/wp-content\/uploads\/2020\/11\/IMG_8166.jpg?fit=1200%2C800&ssl=1&resize=1050%2C600 3x"},"classes":[]}],"jetpack_likes_enabled":true,"amp_enabled":true,"_links":{"self":[{"href":"https:\/\/healthyforkful.com\/es\/wp-json\/wp\/v2\/posts\/3813\/"}],"collection":[{"href":"https:\/\/healthyforkful.com\/es\/wp-json\/wp\/v2\/posts\/"}],"about":[{"href":"https:\/\/healthyforkful.com\/es\/wp-json\/wp\/v2\/types\/post\/"}],"author":[{"embeddable":true,"href":"https:\/\/healthyforkful.com\/es\/wp-json\/wp\/v2\/users\/1\/"}],"replies":[{"embeddable":true,"href":"https:\/\/healthyforkful.com\/es\/wp-json\/wp\/v2\/comments\/?post=3813"}],"version-history":[{"count":2,"href":"https:\/\/healthyforkful.com\/es\/wp-json\/wp\/v2\/posts\/3813\/revisions\/"}],"predecessor-version":[{"id":3816,"href":"https:\/\/healthyforkful.com\/es\/wp-json\/wp\/v2\/posts\/3813\/revisions\/3816\/"}],"wp:featuredmedia":[{"embeddable":true,"href":"https:\/\/healthyforkful.com\/es\/wp-json\/wp\/v2\/media\/1864\/"}],"wp:attachment":[{"href":"https:\/\/healthyforkful.com\/es\/wp-json\/wp\/v2\/media\/?parent=3813"}],"wp:term":[{"taxonomy":"category","embeddable":true,"href":"https:\/\/healthyforkful.com\/es\/wp-json\/wp\/v2\/categories\/?post=3813"},{"taxonomy":"post_tag","embeddable":true,"href":"https:\/\/healthyforkful.com\/es\/wp-json\/wp\/v2\/tags\/?post=3813"}],"curies":[{"name":"wp","href":"https:\/\/api.w.org\/{rel}","templated":true}]}}