{"id":4653,"date":"2019-11-14T08:07:26","date_gmt":"2019-11-14T07:07:26","guid":{"rendered":"https:\/\/healthyforkful.com\/?p=4653"},"modified":"2019-11-14T12:53:46","modified_gmt":"2019-11-14T11:53:46","slug":"peras-especiadas-con-caramelo-salado","status":"publish","type":"post","link":"https:\/\/healthyforkful.com\/es\/peras-especiadas-con-caramelo-salado\/","title":{"rendered":"Peras especiadas con caramelo salado"},"content":{"rendered":"\n<figure class=\"wp-block-image\"><img fetchpriority=\"high\" decoding=\"async\" width=\"1348\" height=\"2048\" data-attachment-id=\"4660\" data-permalink=\"https:\/\/healthyforkful.com\/es\/peras-especiadas-con-caramelo-salado\/peras-especiadas-con-salsa-de-caramelo-salado\/\" data-orig-file=\"https:\/\/i0.wp.com\/healthyforkful.com\/wp-content\/uploads\/2019\/11\/Peras-especiadas-con-salsa-de-caramelo-salado.jpeg?fit=1348%2C2048&amp;ssl=1\" data-orig-size=\"1348,2048\" data-comments-opened=\"1\" data-image-meta=\"{&quot;aperture&quot;:&quot;2.2&quot;,&quot;credit&quot;:&quot;&quot;,&quot;camera&quot;:&quot;iPhone SE&quot;,&quot;caption&quot;:&quot;&quot;,&quot;created_timestamp&quot;:&quot;1568557249&quot;,&quot;copyright&quot;:&quot;&quot;,&quot;focal_length&quot;:&quot;4.15&quot;,&quot;iso&quot;:&quot;50&quot;,&quot;shutter_speed&quot;:&quot;0.028571428571429&quot;,&quot;title&quot;:&quot;&quot;,&quot;orientation&quot;:&quot;0&quot;}\" data-image-title=\"Peras-especiadas-con-salsa-de-caramelo-salado\" data-image-description=\"\" data-image-caption=\"\" data-medium-file=\"https:\/\/i0.wp.com\/healthyforkful.com\/wp-content\/uploads\/2019\/11\/Peras-especiadas-con-salsa-de-caramelo-salado.jpeg?fit=197%2C300&amp;ssl=1\" data-large-file=\"https:\/\/i0.wp.com\/healthyforkful.com\/wp-content\/uploads\/2019\/11\/Peras-especiadas-con-salsa-de-caramelo-salado.jpeg?fit=674%2C1024&amp;ssl=1\" src=\"https:\/\/i2.wp.com\/www.healthyforkful.com\/wp-content\/uploads\/2019\/11\/Peras-especiadas-con-salsa-de-caramelo-salado.jpeg?fit=674%2C1024&amp;ssl=1\" alt=\"\" class=\"wp-image-4660\" srcset=\"https:\/\/i0.wp.com\/healthyforkful.com\/wp-content\/uploads\/2019\/11\/Peras-especiadas-con-salsa-de-caramelo-salado.jpeg?w=1348&amp;ssl=1 1348w, https:\/\/i0.wp.com\/healthyforkful.com\/wp-content\/uploads\/2019\/11\/Peras-especiadas-con-salsa-de-caramelo-salado.jpeg?resize=197%2C300&amp;ssl=1 197w, https:\/\/i0.wp.com\/healthyforkful.com\/wp-content\/uploads\/2019\/11\/Peras-especiadas-con-salsa-de-caramelo-salado.jpeg?resize=768%2C1167&amp;ssl=1 768w, https:\/\/i0.wp.com\/healthyforkful.com\/wp-content\/uploads\/2019\/11\/Peras-especiadas-con-salsa-de-caramelo-salado.jpeg?resize=674%2C1024&amp;ssl=1 674w\" sizes=\"(max-width: 980px) 100vw, 980px\" \/><\/figure>\n\n\n\n<p>Si llevas un tiempo por aqu\u00ed, te habr\u00e1s dado cuenta que me gustan mucho las peras. No solo las tomo de postre as\u00ed al natural, si no que me gustan en ensalada, <a rel=\"noreferrer noopener\" aria-label=\"a la parrilla (opens in a new tab)\" href=\"https:\/\/healthyforkful.com\/es\/descubre-los-beneficios-del-sabor-amargo-endivias-con-parmesano-pera-a-la-parrilla-y-alino-de-mostaza\/\" target=\"_blank\">a la parrilla<\/a>, las utilizo para hacer <a href=\"https:\/\/healthyforkful.com\/pear-chocolate-muffins\/\" target=\"_blank\" rel=\"noreferrer noopener\" aria-label=\"madalenas (opens in a new tab)\">madalenas<\/a>&#8230; Y la \u00faltima incorporaci\u00f3n es peras pochadas con un mont\u00f3n de especias y piel de naranja. Puedes tomarlas para desayunar, combinarlas con granola o como postre servido con caramelo salado y yogur natural. <\/p>\n\n\n\n<p>La pera es una de esas frutas que se ha sabido ajustar a los cambios del tiempo, as\u00ed es como tenemos variedades distintas de peras en verano y otras diferentes en invierno. <\/p>\n\n\n\n<p>Las peras de invierno se caracterizan por ser m\u00e1s dulces <\/p>\n\n\n\n<p>La <strong>salsa de caramelo<\/strong> que le acompa\u00f1a es super versatil. Puedes usarla en un mont\u00f3n de recetas, como relleno de tartas, para acompa\u00f1ar helados o ba\u00f1ar bizcochos. Las posibilidades son infinitas. Si quieres darle un delicado toque \u00e1cido, puedes sustituir la nata por yogur griego.<\/p>\n\n\n\n<p>Esta receta es una combinaci\u00f3n de dos recetas sencillas pero que unidas te encumbran hasta el para\u00edso.<\/p>\n\n\n\n<figure class=\"wp-block-image\"><img decoding=\"async\" width=\"1536\" height=\"2048\" data-attachment-id=\"4662\" data-permalink=\"https:\/\/healthyforkful.com\/es\/peras-especiadas-con-caramelo-salado\/peras-especiadas\/\" data-orig-file=\"https:\/\/i0.wp.com\/healthyforkful.com\/wp-content\/uploads\/2019\/11\/Peras-especiadas.jpeg?fit=1536%2C2048&amp;ssl=1\" data-orig-size=\"1536,2048\" data-comments-opened=\"1\" data-image-meta=\"{&quot;aperture&quot;:&quot;2.2&quot;,&quot;credit&quot;:&quot;&quot;,&quot;camera&quot;:&quot;iPhone SE&quot;,&quot;caption&quot;:&quot;&quot;,&quot;created_timestamp&quot;:&quot;1568556811&quot;,&quot;copyright&quot;:&quot;&quot;,&quot;focal_length&quot;:&quot;4.15&quot;,&quot;iso&quot;:&quot;125&quot;,&quot;shutter_speed&quot;:&quot;0.028571428571429&quot;,&quot;title&quot;:&quot;&quot;,&quot;orientation&quot;:&quot;0&quot;}\" data-image-title=\"Peras-especiadas\" data-image-description=\"\" data-image-caption=\"\" data-medium-file=\"https:\/\/i0.wp.com\/healthyforkful.com\/wp-content\/uploads\/2019\/11\/Peras-especiadas.jpeg?fit=225%2C300&amp;ssl=1\" data-large-file=\"https:\/\/i0.wp.com\/healthyforkful.com\/wp-content\/uploads\/2019\/11\/Peras-especiadas.jpeg?fit=768%2C1024&amp;ssl=1\" src=\"https:\/\/i2.wp.com\/www.healthyforkful.com\/wp-content\/uploads\/2019\/11\/Peras-especiadas.jpeg?fit=768%2C1024&amp;ssl=1\" alt=\"\" class=\"wp-image-4662\" srcset=\"https:\/\/i0.wp.com\/healthyforkful.com\/wp-content\/uploads\/2019\/11\/Peras-especiadas.jpeg?w=1536&amp;ssl=1 1536w, https:\/\/i0.wp.com\/healthyforkful.com\/wp-content\/uploads\/2019\/11\/Peras-especiadas.jpeg?resize=225%2C300&amp;ssl=1 225w, https:\/\/i0.wp.com\/healthyforkful.com\/wp-content\/uploads\/2019\/11\/Peras-especiadas.jpeg?resize=768%2C1024&amp;ssl=1 768w\" sizes=\"(max-width: 980px) 100vw, 980px\" \/><\/figure>\n\n\n<div id=\"recipe\"><\/div><div id=\"wprm-recipe-container-4656\" class=\"wprm-recipe-container\" data-recipe-id=\"4656\" data-servings=\"4\"><div class=\"wprm-recipe wprm-recipe-tastefully-simple\">\n\t<div class=\"wprm-recipe-image-container\">\n\t\t\t\t<div class=\"wprm-recipe-image\"><img decoding=\"async\" width=\"150\" height=\"150\" src=\"https:\/\/i0.wp.com\/healthyforkful.com\/wp-content\/uploads\/2019\/11\/Peras-especiadas.jpeg?resize=150%2C150&amp;ssl=1\" class=\"attachment-thumbnail size-thumbnail\" alt=\"\" srcset=\"https:\/\/i0.wp.com\/healthyforkful.com\/wp-content\/uploads\/2019\/11\/Peras-especiadas.jpeg?resize=150%2C150&amp;ssl=1 150w, https:\/\/i0.wp.com\/healthyforkful.com\/wp-content\/uploads\/2019\/11\/Peras-especiadas.jpeg?resize=500%2C500&amp;ssl=1 500w, https:\/\/i0.wp.com\/healthyforkful.com\/wp-content\/uploads\/2019\/11\/Peras-especiadas.jpeg?resize=320%2C320&amp;ssl=1 320w, https:\/\/i0.wp.com\/healthyforkful.com\/wp-content\/uploads\/2019\/11\/Peras-especiadas.jpeg?zoom=3&amp;resize=150%2C150&amp;ssl=1 450w\" sizes=\"(max-width: 150px) 100vw, 150px\" data-attachment-id=\"4662\" data-permalink=\"https:\/\/healthyforkful.com\/es\/peras-especiadas-con-caramelo-salado\/peras-especiadas\/\" data-orig-file=\"https:\/\/i0.wp.com\/healthyforkful.com\/wp-content\/uploads\/2019\/11\/Peras-especiadas.jpeg?fit=1536%2C2048&amp;ssl=1\" data-orig-size=\"1536,2048\" data-comments-opened=\"1\" data-image-meta=\"{&quot;aperture&quot;:&quot;2.2&quot;,&quot;credit&quot;:&quot;&quot;,&quot;camera&quot;:&quot;iPhone SE&quot;,&quot;caption&quot;:&quot;&quot;,&quot;created_timestamp&quot;:&quot;1568556811&quot;,&quot;copyright&quot;:&quot;&quot;,&quot;focal_length&quot;:&quot;4.15&quot;,&quot;iso&quot;:&quot;125&quot;,&quot;shutter_speed&quot;:&quot;0.028571428571429&quot;,&quot;title&quot;:&quot;&quot;,&quot;orientation&quot;:&quot;0&quot;}\" data-image-title=\"Peras-especiadas\" data-image-description=\"\" data-image-caption=\"\" data-medium-file=\"https:\/\/i0.wp.com\/healthyforkful.com\/wp-content\/uploads\/2019\/11\/Peras-especiadas.jpeg?fit=225%2C300&amp;ssl=1\" data-large-file=\"https:\/\/i0.wp.com\/healthyforkful.com\/wp-content\/uploads\/2019\/11\/Peras-especiadas.jpeg?fit=768%2C1024&amp;ssl=1\" \/><\/div>\n\t\t<div class=\"wprm-recipe-buttons\">\n\t\t\t<a href=\"https:\/\/healthyforkful.com\/es\/wprm_print\/peras-especiadas\" class=\"wprm-recipe-print wprm-color-accent\" target=\"_blank\" rel=\"nofollow\">Imprimir<\/a>\n\t\t<\/div>\n\t<\/div>\n\t<div class=\"wprm-recipe-name wprm-color-header\">Peras especiadas<\/div>\n\t\t<div class=\"wprm-recipe-summary\">\n\t\t\t<\/div>\n\t<div class=\"wprm-recipe-details-container\">\n\t\t\t\t\t<div class=\"wprm-recipe-course-container\">\n\t\t\t\t<span class=\"wprm-recipe-details-name wprm-recipe-course-name\">Plato:<\/span>\n\t\t\t\t<span class=\"wprm-recipe-course\">\n\t\t\t\t\tPostre\t\t\t\t<\/span>\n\t\t\t<\/div>\n\t\t\t\t\t<div class=\"wprm-recipe-keyword-container\">\n\t\t\t\t<span class=\"wprm-recipe-details-name wprm-recipe-keyword-name\">Keyword:<\/span>\n\t\t\t\t<span class=\"wprm-recipe-keyword\">\n\t\t\t\t\tcaramelo, peras\t\t\t\t<\/span>\n\t\t\t<\/div>\n\t\t\t\t\t\t<div class=\"wprm-recipe-servings-container\">\n\t\t\t<span class=\"wprm-recipe-details-name wprm-recipe-servings-name\">Raciones<\/span>: <span class=\"wprm-recipe-details wprm-recipe-servings wprm-recipe-servings-4656\">4<\/span> <span class=\"wprm-recipe-details-unit wprm-recipe-servings-unit\">personas<\/span>\n\t\t<\/div>\n\t\t\t\t\t\t\t<\/div>\n\n\t\t<div class=\"wprm-recipe-ingredients-container\">\n\t\t<div class=\"wprm-recipe-header wprm-color-header\">Ingredientes<\/div>\n\t\t\t\t<div class=\"wprm-recipe-ingredient-group\">\n\t\t\t\t\t\t<ul class=\"wprm-recipe-ingredients\">\n\t\t\t\t\t\t\t\t<li class=\"wprm-recipe-ingredient\">\n\t\t\t\t\t\t\t\t\t\t<span class=\"wprm-recipe-ingredient-amount\">4<\/span>\n\t\t\t\t\t\t\t\t\t\t\t\t\t\t\t<span class=\"wprm-recipe-ingredient-name\">peras Conferencia<\/span>\n\t\t\t\t\t\t\t\t\t\t<span class=\"wprm-recipe-ingredient-notes\">puedes utilizar cualquier tipo de pera, pero encuentro que esta guarda muy bien la forma y la textura<\/span>\n\t\t\t\t\t\t\t\t\t<\/li>\n\t\t\t\t\t\t\t\t<li class=\"wprm-recipe-ingredient\">\n\t\t\t\t\t\t\t\t\t\t<span class=\"wprm-recipe-ingredient-amount\">1<\/span>\n\t\t\t\t\t\t\t\t\t\t\t\t\t\t\t<span class=\"wprm-recipe-ingredient-unit\">litro<\/span>\n\t\t\t\t\t\t\t\t\t\t<span class=\"wprm-recipe-ingredient-name\">agua<\/span>\n\t\t\t\t\t\t\t\t\t<\/li>\n\t\t\t\t\t\t\t\t<li class=\"wprm-recipe-ingredient\">\n\t\t\t\t\t\t\t\t\t\t<span class=\"wprm-recipe-ingredient-amount\">1<\/span>\n\t\t\t\t\t\t\t\t\t\t\t\t\t\t\t<span class=\"wprm-recipe-ingredient-name\">rama de canela<\/span>\n\t\t\t\t\t\t\t\t\t<\/li>\n\t\t\t\t\t\t\t\t<li class=\"wprm-recipe-ingredient\">\n\t\t\t\t\t\t\t\t\t\t<span class=\"wprm-recipe-ingredient-amount\">1<\/span>\n\t\t\t\t\t\t\t\t\t\t\t\t\t\t\t<span class=\"wprm-recipe-ingredient-unit\">cucharada<\/span>\n\t\t\t\t\t\t\t\t\t\t<span class=\"wprm-recipe-ingredient-name\">canela molida<\/span>\n\t\t\t\t\t\t\t\t\t<\/li>\n\t\t\t\t\t\t\t\t<li class=\"wprm-recipe-ingredient\">\n\t\t\t\t\t\t\t\t\t\t<span class=\"wprm-recipe-ingredient-amount\">1\/2<\/span>\n\t\t\t\t\t\t\t\t\t\t\t\t\t\t\t<span class=\"wprm-recipe-ingredient-unit\">cucharadita <\/span>\n\t\t\t\t\t\t\t\t\t\t<span class=\"wprm-recipe-ingredient-name\">clavo<\/span>\n\t\t\t\t\t\t\t\t\t<\/li>\n\t\t\t\t\t\t\t\t<li class=\"wprm-recipe-ingredient\">\n\t\t\t\t\t\t\t\t\t\t<span class=\"wprm-recipe-ingredient-amount\">1<\/span>\n\t\t\t\t\t\t\t\t\t\t\t\t\t\t\t<span class=\"wprm-recipe-ingredient-name\">naranja<\/span>\n\t\t\t\t\t\t\t\t\t\t<span class=\"wprm-recipe-ingredient-notes\">la piel cortada en tiras<\/span>\n\t\t\t\t\t\t\t\t\t<\/li>\n\t\t\t\t\t\t\t\t<li class=\"wprm-recipe-ingredient\">\n\t\t\t\t\t\t\t\t\t\t<span class=\"wprm-recipe-ingredient-amount\">1<\/span>\n\t\t\t\t\t\t\t\t\t\t\t\t\t\t\t<span class=\"wprm-recipe-ingredient-unit\">cucharada<\/span>\n\t\t\t\t\t\t\t\t\t\t<span class=\"wprm-recipe-ingredient-name\">miel<\/span>\n\t\t\t\t\t\t\t\t\t<\/li>\n\t\t\t\t\t\t\t\t<li class=\"wprm-recipe-ingredient\">\n\t\t\t\t\t\t\t\t\t\t<span class=\"wprm-recipe-ingredient-amount\">1-2<\/span>\n\t\t\t\t\t\t\t\t\t\t\t\t\t\t\t<span class=\"wprm-recipe-ingredient-name\">an\u00eds estrellado<\/span>\n\t\t\t\t\t\t\t\t\t\t<span class=\"wprm-recipe-ingredient-notes\">si no te gusta el sabor del an\u00eds o piensas que es fuerte para desayunar, puedes omitirlo<\/span>\n\t\t\t\t\t\t\t\t\t<\/li>\n\t\t\t\t\t\t\t<\/ul>\n\t\t<\/div>\n\t \t \t<\/div>\n\t\t\t<div class=\"wprm-recipe-instructions-container\">\n\t\t<div class=\"wprm-recipe-header wprm-color-header\">Elaboraci\u00f3n paso a paso<\/div>\n\t\t\t\t<div class=\"wprm-recipe-instruction-group\">\n\t\t\t\t\t\t<ol class=\"wprm-recipe-instructions\">\n\t\t\t\t\t\t\t\t<li class=\"wprm-recipe-instruction\">\n\t\t\t\t\t\t\t\t\t\t<div class=\"wprm-recipe-instruction-text\"><p>Pon el agua en una olla grande, mejor que sea ancha que profunda.<\/p><\/div>\n\t\t\t\t\t\t\t\t\t\t\t\t\t\t<\/li>\n\t\t\t\t\t\t\t\t<li class=\"wprm-recipe-instruction\">\n\t\t\t\t\t\t\t\t\t\t<div class=\"wprm-recipe-instruction-text\"><p>A\u00f1ade la rama de canela, el an\u00eds, la canela molida, miel y piel de la naranja.<\/p><\/div>\n\t\t\t\t\t\t\t\t\t\t\t\t\t\t<\/li>\n\t\t\t\t\t\t\t\t<li class=\"wprm-recipe-instruction\">\n\t\t\t\t\t\t\t\t\t\t<div class=\"wprm-recipe-instruction-text\"><p>Pela las peras y ponlas en la olla. Puedes cortarlas por la mitad y utilizar un melonero para quitarle el coraz\u00f3n.<\/p><\/div>\n\t\t\t\t\t\t\t\t\t\t\t\t\t\t<\/li>\n\t\t\t\t\t\t\t\t<li class=\"wprm-recipe-instruction\">\n\t\t\t\t\t\t\t\t\t\t<div class=\"wprm-recipe-instruction-text\"><p>Cuando empiecen de nuevo a hervir el agua, baja el fuego y d\u00e9jalas hervir 1-1 1\/2 horas tapadas. Muchas veces dejo las peras toda la noche en remojo (fuera del fuego) para que absorban bien las deliciosas especies. Si las vas a guardar para un uso posterior, puedes guardarlas en un envase en la nevera con parte del jugo.<\/p><\/div>\n\t\t\t\t\t\t\t\t\t\t\t\t\t\t<\/li>\n\t\t\t\t\t\t\t\t<li class=\"wprm-recipe-instruction\">\n\t\t\t\t\t\t\t\t\t\t<div class=\"wprm-recipe-instruction-text\"><p>S\u00edrvelas con el caramelo salado, nata de coco, yogur natural&#8230;<\/p><\/div>\n\t\t\t\t\t\t\t\t\t\t\t\t\t\t<\/li>\n\t\t\t\t\t\t\t<\/ol>\n\t\t<\/div>\n\t\t\t<\/div>\n\t\t\t\t<\/div>\n<\/div>\n\n<div id=\"wprm-recipe-container-4658\" class=\"wprm-recipe-container\" data-recipe-id=\"4658\" data-servings=\"700\"><div class=\"wprm-recipe wprm-recipe-tastefully-simple\">\n\t<div class=\"wprm-recipe-image-container\">\n\t\t\t\t<div class=\"wprm-recipe-image\"><img loading=\"lazy\" decoding=\"async\" width=\"150\" height=\"150\" src=\"https:\/\/i0.wp.com\/healthyforkful.com\/wp-content\/uploads\/2019\/11\/Peras-especiadas-con-salsa-de-caramelo-salado.jpeg?resize=150%2C150&amp;ssl=1\" class=\"attachment-thumbnail size-thumbnail\" alt=\"\" srcset=\"https:\/\/i0.wp.com\/healthyforkful.com\/wp-content\/uploads\/2019\/11\/Peras-especiadas-con-salsa-de-caramelo-salado.jpeg?resize=150%2C150&amp;ssl=1 150w, https:\/\/i0.wp.com\/healthyforkful.com\/wp-content\/uploads\/2019\/11\/Peras-especiadas-con-salsa-de-caramelo-salado.jpeg?resize=500%2C500&amp;ssl=1 500w, https:\/\/i0.wp.com\/healthyforkful.com\/wp-content\/uploads\/2019\/11\/Peras-especiadas-con-salsa-de-caramelo-salado.jpeg?resize=320%2C320&amp;ssl=1 320w, https:\/\/i0.wp.com\/healthyforkful.com\/wp-content\/uploads\/2019\/11\/Peras-especiadas-con-salsa-de-caramelo-salado.jpeg?zoom=3&amp;resize=150%2C150&amp;ssl=1 450w\" sizes=\"(max-width: 150px) 100vw, 150px\" data-attachment-id=\"4660\" data-permalink=\"https:\/\/healthyforkful.com\/es\/peras-especiadas-con-caramelo-salado\/peras-especiadas-con-salsa-de-caramelo-salado\/\" data-orig-file=\"https:\/\/i0.wp.com\/healthyforkful.com\/wp-content\/uploads\/2019\/11\/Peras-especiadas-con-salsa-de-caramelo-salado.jpeg?fit=1348%2C2048&amp;ssl=1\" data-orig-size=\"1348,2048\" data-comments-opened=\"1\" data-image-meta=\"{&quot;aperture&quot;:&quot;2.2&quot;,&quot;credit&quot;:&quot;&quot;,&quot;camera&quot;:&quot;iPhone SE&quot;,&quot;caption&quot;:&quot;&quot;,&quot;created_timestamp&quot;:&quot;1568557249&quot;,&quot;copyright&quot;:&quot;&quot;,&quot;focal_length&quot;:&quot;4.15&quot;,&quot;iso&quot;:&quot;50&quot;,&quot;shutter_speed&quot;:&quot;0.028571428571429&quot;,&quot;title&quot;:&quot;&quot;,&quot;orientation&quot;:&quot;0&quot;}\" data-image-title=\"Peras-especiadas-con-salsa-de-caramelo-salado\" data-image-description=\"\" data-image-caption=\"\" data-medium-file=\"https:\/\/i0.wp.com\/healthyforkful.com\/wp-content\/uploads\/2019\/11\/Peras-especiadas-con-salsa-de-caramelo-salado.jpeg?fit=197%2C300&amp;ssl=1\" data-large-file=\"https:\/\/i0.wp.com\/healthyforkful.com\/wp-content\/uploads\/2019\/11\/Peras-especiadas-con-salsa-de-caramelo-salado.jpeg?fit=674%2C1024&amp;ssl=1\" \/><\/div>\n\t\t<div class=\"wprm-recipe-buttons\">\n\t\t\t<a href=\"https:\/\/healthyforkful.com\/es\/wprm_print\/caramelo-salado\" class=\"wprm-recipe-print wprm-color-accent\" target=\"_blank\" rel=\"nofollow\">Imprimir<\/a>\n\t\t<\/div>\n\t<\/div>\n\t<div class=\"wprm-recipe-name wprm-color-header\">Caramelo salado<\/div>\n\t\t<div class=\"wprm-recipe-summary\">\n\t\t<p>Deliciosa salsa de caramelo salado para acompa\u00f1ar tus postres, ba\u00f1ar tus bizcochos o rellenar tus tartas.<\/p>\t<\/div>\n\t<div class=\"wprm-recipe-details-container\">\n\t\t\t\t\t<div class=\"wprm-recipe-course-container\">\n\t\t\t\t<span class=\"wprm-recipe-details-name wprm-recipe-course-name\">Plato:<\/span>\n\t\t\t\t<span class=\"wprm-recipe-course\">\n\t\t\t\t\tdulces\t\t\t\t<\/span>\n\t\t\t<\/div>\n\t\t\t\t\t<div class=\"wprm-recipe-keyword-container\">\n\t\t\t\t<span class=\"wprm-recipe-details-name wprm-recipe-keyword-name\">Keyword:<\/span>\n\t\t\t\t<span class=\"wprm-recipe-keyword\">\n\t\t\t\t\tcaramelo, postres\t\t\t\t<\/span>\n\t\t\t<\/div>\n\t\t\t\t\t\t<div class=\"wprm-recipe-servings-container\">\n\t\t\t<span class=\"wprm-recipe-details-name wprm-recipe-servings-name\">Raciones<\/span>: <span class=\"wprm-recipe-details wprm-recipe-servings wprm-recipe-servings-4658\">700<\/span> <span class=\"wprm-recipe-details-unit wprm-recipe-servings-unit\">ml<\/span>\n\t\t<\/div>\n\t\t\t\t\t\t\t<\/div>\n\n\t\t<div class=\"wprm-recipe-ingredients-container\">\n\t\t<div class=\"wprm-recipe-header wprm-color-header\">Ingredientes<\/div>\n\t\t\t\t<div class=\"wprm-recipe-ingredient-group\">\n\t\t\t\t\t\t<ul class=\"wprm-recipe-ingredients\">\n\t\t\t\t\t\t\t\t<li class=\"wprm-recipe-ingredient\">\n\t\t\t\t\t\t\t\t\t\t<span class=\"wprm-recipe-ingredient-amount\">100<\/span>\n\t\t\t\t\t\t\t\t\t\t\t\t\t\t\t<span class=\"wprm-recipe-ingredient-unit\">gr<\/span>\n\t\t\t\t\t\t\t\t\t\t<span class=\"wprm-recipe-ingredient-name\">mantequilla o aceite de coco<\/span>\n\t\t\t\t\t\t\t\t\t<\/li>\n\t\t\t\t\t\t\t\t<li class=\"wprm-recipe-ingredient\">\n\t\t\t\t\t\t\t\t\t\t<span class=\"wprm-recipe-ingredient-amount\">100<\/span>\n\t\t\t\t\t\t\t\t\t\t\t\t\t\t\t<span class=\"wprm-recipe-ingredient-unit\">gr<\/span>\n\t\t\t\t\t\t\t\t\t\t<span class=\"wprm-recipe-ingredient-name\">az\u00facar de coco<\/span>\n\t\t\t\t\t\t\t\t\t<\/li>\n\t\t\t\t\t\t\t\t<li class=\"wprm-recipe-ingredient\">\n\t\t\t\t\t\t\t\t\t\t<span class=\"wprm-recipe-ingredient-amount\">250<\/span>\n\t\t\t\t\t\t\t\t\t\t\t\t\t\t\t<span class=\"wprm-recipe-ingredient-unit\">ml <\/span>\n\t\t\t\t\t\t\t\t\t\t<span class=\"wprm-recipe-ingredient-name\">nata o nata de coco o yogur de coco o natural<\/span>\n\t\t\t\t\t\t\t\t\t<\/li>\n\t\t\t\t\t\t\t\t<li class=\"wprm-recipe-ingredient\">\n\t\t\t\t\t\t\t\t\t\t<span class=\"wprm-recipe-ingredient-amount\">1<\/span>\n\t\t\t\t\t\t\t\t\t\t\t\t\t\t\t<span class=\"wprm-recipe-ingredient-unit\">cucharadita<\/span>\n\t\t\t\t\t\t\t\t\t\t<span class=\"wprm-recipe-ingredient-name\">sal<\/span>\n\t\t\t\t\t\t\t\t\t<\/li>\n\t\t\t\t\t\t\t<\/ul>\n\t\t<\/div>\n\t \t \t<\/div>\n\t\t\t<div class=\"wprm-recipe-instructions-container\">\n\t\t<div class=\"wprm-recipe-header wprm-color-header\">Elaboraci\u00f3n paso a paso<\/div>\n\t\t\t\t<div class=\"wprm-recipe-instruction-group\">\n\t\t\t\t\t\t<ol class=\"wprm-recipe-instructions\">\n\t\t\t\t\t\t\t\t<li class=\"wprm-recipe-instruction\">\n\t\t\t\t\t\t\t\t\t\t<div class=\"wprm-recipe-instruction-text\"><p>Pon la mantequilla o aceite de coco, el az\u00facar de coco y la nata (o yogur) en un cazo mediano a fuego medio.<\/p><\/div>\n\t\t\t\t\t\t\t\t\t\t\t\t\t\t<\/li>\n\t\t\t\t\t\t\t\t<li class=\"wprm-recipe-instruction\">\n\t\t\t\t\t\t\t\t\t\t<div class=\"wprm-recipe-instruction-text\"><p>Mezcla hasta que la mantequilla se disuelva y todos los ingredientes est\u00e9n bien incorporados.<\/p><\/div>\n\t\t\t\t\t\t\t\t\t\t\t\t\t\t<\/li>\n\t\t\t\t\t\t\t\t<li class=\"wprm-recipe-instruction\">\n\t\t\t\t\t\t\t\t\t\t<div class=\"wprm-recipe-instruction-text\"><p>Deja hervir a fuego bajo unos 15-20 minutos o hasta que el caramelo se espese.<\/p><\/div>\n\t\t\t\t\t\t\t\t\t\t\t\t\t\t<\/li>\n\t\t\t\t\t\t\t\t<li class=\"wprm-recipe-instruction\">\n\t\t\t\t\t\t\t\t\t\t<div class=\"wprm-recipe-instruction-text\"><p>Retira el caramelo del fuego y a\u00f1ade la sal. Mezcla bien.<\/p><\/div>\n\t\t\t\t\t\t\t\t\t\t\t\t\t\t<\/li>\n\t\t\t\t\t\t\t\t<li class=\"wprm-recipe-instruction\">\n\t\t\t\t\t\t\t\t\t\t<div class=\"wprm-recipe-instruction-text\"><p>Utiliza sobre peras pochadas, manzanas asadas, bizcochos o como relleno de tartas.<\/p><\/div>\n\t\t\t\t\t\t\t\t\t\t\t\t\t\t<\/li>\n\t\t\t\t\t\t\t<\/ol>\n\t\t<\/div>\n\t\t\t<\/div>\n\t\t\t\t<div class=\"wprm-recipe-notes-container\">\n\t\t<div class=\"wprm-recipe-header wprm-color-header\">Notas de la Receta<\/div>\n\t\t<p>Si utilizas yogur, tardar\u00e1 menos tiempo en espesarse.\u00a0<\/p>\n\t<\/div>\n\t\t<\/div>\n<\/div><!-- AddThis Advanced Settings generic via filter on the_content --><!-- AddThis Share Buttons generic via filter on the_content -->","protected":false},"excerpt":{"rendered":"<p>Si llevas un tiempo por aqu\u00ed, te habr\u00e1s dado cuenta que me gustan mucho las peras. No solo las tomo de postre as\u00ed al natural, si no que me gustan en ensalada, a la parrilla, las utilizo para hacer madalenas&#8230; Y la \u00faltima incorporaci\u00f3n es peras pochadas con un mont\u00f3n de especias y piel de&#8230;<!-- AddThis Advanced Settings generic via filter on get_the_excerpt --><!-- AddThis Share Buttons generic via filter on get_the_excerpt --><\/p>\n<p><a class=\"more-link\" href=\"https:\/\/healthyforkful.com\/es\/peras-especiadas-con-caramelo-salado\/\">Read More<\/a><\/p>","protected":false},"author":1,"featured_media":4660,"comment_status":"open","ping_status":"open","sticky":false,"template":"","format":"standard","meta":{"wprm-recipe-roundup-name":"","wprm-recipe-roundup-description":"","_monsterinsights_skip_tracking":false,"_monsterinsights_sitenote_active":false,"_monsterinsights_sitenote_note":"","_monsterinsights_sitenote_category":0,"_genesis_hide_title":false,"_genesis_hide_breadcrumbs":false,"_genesis_hide_singular_image":false,"_genesis_hide_footer_widgets":false,"_genesis_custom_body_class":"","_genesis_custom_post_class":"","_genesis_layout":"","jetpack_post_was_ever_published":false,"_jetpack_newsletter_access":"","_jetpack_dont_email_post_to_subs":false,"_jetpack_newsletter_tier_id":0,"_jetpack_memberships_contains_paywalled_content":false,"_jetpack_memberships_contains_paid_content":false,"footnotes":"","jetpack_publicize_message":"","jetpack_publicize_feature_enabled":true,"jetpack_social_post_already_shared":true,"jetpack_social_options":{"image_generator_settings":{"template":"highway","default_image_id":0,"font":"","enabled":false},"version":2}},"categories":[831,844,841,841,844,831],"tags":[2624],"class_list":{"0":"post-4653","1":"post","2":"type-post","3":"status-publish","4":"format-standard","5":"has-post-thumbnail","7":"category-tartas-y-postres","8":"category-pates-y-salsas","9":"category-recetas","13":"tag-peras-es","14":"entry"},"yoast_head":"<!-- This site is optimized with the Yoast SEO plugin v26.8 - https:\/\/yoast.com\/product\/yoast-seo-wordpress\/ -->\n<title>Peras especiadas con caramelo salado - Healthy Forkful<\/title>\n<meta name=\"description\" content=\"Si llevas un tiempo por aqu\u00ed, te habr\u00e1s dado cuenta que me gustan mucho las peras. No solo las tomo de postre as\u00ed al natural, si no que me gustan en\" \/>\n<meta name=\"robots\" content=\"index, follow, max-snippet:-1, max-image-preview:large, max-video-preview:-1\" \/>\n<link rel=\"canonical\" href=\"https:\/\/healthyforkful.com\/es\/peras-especiadas-con-caramelo-salado\/\" \/>\n<meta property=\"og:locale\" content=\"es_ES\" \/>\n<meta property=\"og:type\" content=\"article\" \/>\n<meta property=\"og:title\" content=\"Peras especiadas con caramelo salado - Healthy Forkful\" \/>\n<meta property=\"og:description\" content=\"Si llevas un tiempo por aqu\u00ed, te habr\u00e1s dado cuenta que me gustan mucho las peras. No solo las tomo de postre as\u00ed al natural, si no que me gustan en\" \/>\n<meta property=\"og:url\" content=\"https:\/\/healthyforkful.com\/es\/peras-especiadas-con-caramelo-salado\/\" \/>\n<meta property=\"og:site_name\" content=\"Healthy Forkful\" \/>\n<meta property=\"article:publisher\" content=\"www.facebook.com\/healthyforkful\" \/>\n<meta property=\"article:author\" content=\"www.facebook.com\/healthyforkful\" \/>\n<meta property=\"article:published_time\" content=\"2019-11-14T07:07:26+00:00\" \/>\n<meta property=\"article:modified_time\" content=\"2019-11-14T11:53:46+00:00\" \/>\n<meta property=\"og:image\" content=\"https:\/\/i0.wp.com\/www.healthyforkful.com\/wp-content\/uploads\/2019\/11\/Peras-especiadas-con-salsa-de-caramelo-salado.jpeg?fit=1348%2C2048&ssl=1\" \/>\n\t<meta property=\"og:image:width\" content=\"1348\" \/>\n\t<meta property=\"og:image:height\" content=\"2048\" \/>\n\t<meta property=\"og:image:type\" content=\"image\/jpeg\" \/>\n<meta name=\"author\" content=\"Maria\" \/>\n<meta name=\"twitter:card\" content=\"summary_large_image\" \/>\n<meta name=\"twitter:creator\" content=\"@healthyforkful\" \/>\n<meta name=\"twitter:site\" content=\"@healthyforkful\" \/>\n<meta name=\"twitter:label1\" content=\"Escrito por\" \/>\n\t<meta name=\"twitter:data1\" content=\"Maria\" \/>\n\t<meta name=\"twitter:label2\" content=\"Tiempo de lectura\" \/>\n\t<meta name=\"twitter:data2\" content=\"3 minutos\" \/>\n<script type=\"application\/ld+json\" class=\"yoast-schema-graph\">{\"@context\":\"https:\/\/schema.org\",\"@graph\":[{\"@type\":\"Article\",\"@id\":\"https:\/\/healthyforkful.com\/es\/peras-especiadas-con-caramelo-salado\/#article\",\"isPartOf\":{\"@id\":\"https:\/\/healthyforkful.com\/es\/peras-especiadas-con-caramelo-salado\/\"},\"author\":{\"name\":\"Maria\",\"@id\":\"https:\/\/healthyforkful.com\/#\/schema\/person\/36d13024a9c2682528a14123f097fb96\"},\"headline\":\"Peras especiadas con caramelo salado\",\"datePublished\":\"2019-11-14T07:07:26+00:00\",\"dateModified\":\"2019-11-14T11:53:46+00:00\",\"mainEntityOfPage\":{\"@id\":\"https:\/\/healthyforkful.com\/es\/peras-especiadas-con-caramelo-salado\/\"},\"wordCount\":508,\"commentCount\":0,\"publisher\":{\"@id\":\"https:\/\/healthyforkful.com\/#\/schema\/person\/36d13024a9c2682528a14123f097fb96\"},\"image\":{\"@id\":\"https:\/\/healthyforkful.com\/es\/peras-especiadas-con-caramelo-salado\/#primaryimage\"},\"thumbnailUrl\":\"https:\/\/i0.wp.com\/healthyforkful.com\/wp-content\/uploads\/2019\/11\/Peras-especiadas-con-salsa-de-caramelo-salado.jpeg?fit=1348%2C2048&ssl=1\",\"keywords\":[\"peras\"],\"articleSection\":[\"Tartas y Postres\",\"Pat\u00e9s y Salsas\",\"Recetas\",\"Recetas\",\"Pat\u00e9s y Salsas\",\"Tartas y Postres\"],\"inLanguage\":\"es\",\"potentialAction\":[{\"@type\":\"CommentAction\",\"name\":\"Comment\",\"target\":[\"https:\/\/healthyforkful.com\/es\/peras-especiadas-con-caramelo-salado\/#respond\"]}]},{\"@type\":\"WebPage\",\"@id\":\"https:\/\/healthyforkful.com\/es\/peras-especiadas-con-caramelo-salado\/\",\"url\":\"https:\/\/healthyforkful.com\/es\/peras-especiadas-con-caramelo-salado\/\",\"name\":\"Peras especiadas con caramelo salado - Healthy Forkful\",\"isPartOf\":{\"@id\":\"https:\/\/healthyforkful.com\/#website\"},\"primaryImageOfPage\":{\"@id\":\"https:\/\/healthyforkful.com\/es\/peras-especiadas-con-caramelo-salado\/#primaryimage\"},\"image\":{\"@id\":\"https:\/\/healthyforkful.com\/es\/peras-especiadas-con-caramelo-salado\/#primaryimage\"},\"thumbnailUrl\":\"https:\/\/i0.wp.com\/healthyforkful.com\/wp-content\/uploads\/2019\/11\/Peras-especiadas-con-salsa-de-caramelo-salado.jpeg?fit=1348%2C2048&ssl=1\",\"datePublished\":\"2019-11-14T07:07:26+00:00\",\"dateModified\":\"2019-11-14T11:53:46+00:00\",\"description\":\"Si llevas un tiempo por aqu\u00ed, te habr\u00e1s dado cuenta que me gustan mucho las peras. No solo las tomo de postre as\u00ed al natural, si no que me gustan en\",\"breadcrumb\":{\"@id\":\"https:\/\/healthyforkful.com\/es\/peras-especiadas-con-caramelo-salado\/#breadcrumb\"},\"inLanguage\":\"es\",\"potentialAction\":[{\"@type\":\"ReadAction\",\"target\":[\"https:\/\/healthyforkful.com\/es\/peras-especiadas-con-caramelo-salado\/\"]}]},{\"@type\":\"ImageObject\",\"inLanguage\":\"es\",\"@id\":\"https:\/\/healthyforkful.com\/es\/peras-especiadas-con-caramelo-salado\/#primaryimage\",\"url\":\"https:\/\/i0.wp.com\/healthyforkful.com\/wp-content\/uploads\/2019\/11\/Peras-especiadas-con-salsa-de-caramelo-salado.jpeg?fit=1348%2C2048&ssl=1\",\"contentUrl\":\"https:\/\/i0.wp.com\/healthyforkful.com\/wp-content\/uploads\/2019\/11\/Peras-especiadas-con-salsa-de-caramelo-salado.jpeg?fit=1348%2C2048&ssl=1\",\"width\":1348,\"height\":2048},{\"@type\":\"BreadcrumbList\",\"@id\":\"https:\/\/healthyforkful.com\/es\/peras-especiadas-con-caramelo-salado\/#breadcrumb\",\"itemListElement\":[{\"@type\":\"ListItem\",\"position\":1,\"name\":\"Home\",\"item\":\"https:\/\/healthyforkful.com\/es\/\"},{\"@type\":\"ListItem\",\"position\":2,\"name\":\"Recetas\",\"item\":\"https:\/\/healthyforkful.com\/es\/category\/recetas\/\"},{\"@type\":\"ListItem\",\"position\":3,\"name\":\"Peras especiadas con caramelo salado\"}]},{\"@type\":\"WebSite\",\"@id\":\"https:\/\/healthyforkful.com\/#website\",\"url\":\"https:\/\/healthyforkful.com\/\",\"name\":\"Healthy Forkful\",\"description\":\"Recetas nutritivas y deliciosas \",\"publisher\":{\"@id\":\"https:\/\/healthyforkful.com\/#\/schema\/person\/36d13024a9c2682528a14123f097fb96\"},\"potentialAction\":[{\"@type\":\"SearchAction\",\"target\":{\"@type\":\"EntryPoint\",\"urlTemplate\":\"https:\/\/healthyforkful.com\/?s={search_term_string}\"},\"query-input\":{\"@type\":\"PropertyValueSpecification\",\"valueRequired\":true,\"valueName\":\"search_term_string\"}}],\"inLanguage\":\"es\"},{\"@type\":[\"Person\",\"Organization\"],\"@id\":\"https:\/\/healthyforkful.com\/#\/schema\/person\/36d13024a9c2682528a14123f097fb96\",\"name\":\"Maria\",\"image\":{\"@type\":\"ImageObject\",\"inLanguage\":\"es\",\"@id\":\"https:\/\/healthyforkful.com\/#\/schema\/person\/image\/\",\"url\":\"https:\/\/i0.wp.com\/www.healthyforkful.com\/wp-content\/uploads\/2017\/11\/Maria-Llamas.jpg?fit=200%2C200&ssl=1\",\"contentUrl\":\"https:\/\/i0.wp.com\/www.healthyforkful.com\/wp-content\/uploads\/2017\/11\/Maria-Llamas.jpg?fit=200%2C200&ssl=1\",\"width\":200,\"height\":200,\"caption\":\"Maria\"},\"logo\":{\"@id\":\"https:\/\/healthyforkful.com\/#\/schema\/person\/image\/\"},\"sameAs\":[\"https:\/\/healthyforkful.com\/\",\"www.facebook.com\/healthyforkful\"]}]}<\/script>\n<!-- \/ Yoast SEO plugin. -->","yoast_head_json":{"title":"Peras especiadas con caramelo salado - Healthy Forkful","description":"Si llevas un tiempo por aqu\u00ed, te habr\u00e1s dado cuenta que me gustan mucho las peras. No solo las tomo de postre as\u00ed al natural, si no que me gustan en","robots":{"index":"index","follow":"follow","max-snippet":"max-snippet:-1","max-image-preview":"max-image-preview:large","max-video-preview":"max-video-preview:-1"},"canonical":"https:\/\/healthyforkful.com\/es\/peras-especiadas-con-caramelo-salado\/","og_locale":"es_ES","og_type":"article","og_title":"Peras especiadas con caramelo salado - Healthy Forkful","og_description":"Si llevas un tiempo por aqu\u00ed, te habr\u00e1s dado cuenta que me gustan mucho las peras. No solo las tomo de postre as\u00ed al natural, si no que me gustan en","og_url":"https:\/\/healthyforkful.com\/es\/peras-especiadas-con-caramelo-salado\/","og_site_name":"Healthy Forkful","article_publisher":"www.facebook.com\/healthyforkful","article_author":"www.facebook.com\/healthyforkful","article_published_time":"2019-11-14T07:07:26+00:00","article_modified_time":"2019-11-14T11:53:46+00:00","og_image":[{"width":1348,"height":2048,"url":"https:\/\/i0.wp.com\/www.healthyforkful.com\/wp-content\/uploads\/2019\/11\/Peras-especiadas-con-salsa-de-caramelo-salado.jpeg?fit=1348%2C2048&ssl=1","type":"image\/jpeg"}],"author":"Maria","twitter_card":"summary_large_image","twitter_creator":"@healthyforkful","twitter_site":"@healthyforkful","twitter_misc":{"Escrito por":"Maria","Tiempo de lectura":"3 minutos"},"schema":{"@context":"https:\/\/schema.org","@graph":[{"@type":"Article","@id":"https:\/\/healthyforkful.com\/es\/peras-especiadas-con-caramelo-salado\/#article","isPartOf":{"@id":"https:\/\/healthyforkful.com\/es\/peras-especiadas-con-caramelo-salado\/"},"author":{"name":"Maria","@id":"https:\/\/healthyforkful.com\/#\/schema\/person\/36d13024a9c2682528a14123f097fb96"},"headline":"Peras especiadas con caramelo salado","datePublished":"2019-11-14T07:07:26+00:00","dateModified":"2019-11-14T11:53:46+00:00","mainEntityOfPage":{"@id":"https:\/\/healthyforkful.com\/es\/peras-especiadas-con-caramelo-salado\/"},"wordCount":508,"commentCount":0,"publisher":{"@id":"https:\/\/healthyforkful.com\/#\/schema\/person\/36d13024a9c2682528a14123f097fb96"},"image":{"@id":"https:\/\/healthyforkful.com\/es\/peras-especiadas-con-caramelo-salado\/#primaryimage"},"thumbnailUrl":"https:\/\/i0.wp.com\/healthyforkful.com\/wp-content\/uploads\/2019\/11\/Peras-especiadas-con-salsa-de-caramelo-salado.jpeg?fit=1348%2C2048&ssl=1","keywords":["peras"],"articleSection":["Tartas y Postres","Pat\u00e9s y Salsas","Recetas","Recetas","Pat\u00e9s y Salsas","Tartas y Postres"],"inLanguage":"es","potentialAction":[{"@type":"CommentAction","name":"Comment","target":["https:\/\/healthyforkful.com\/es\/peras-especiadas-con-caramelo-salado\/#respond"]}]},{"@type":"WebPage","@id":"https:\/\/healthyforkful.com\/es\/peras-especiadas-con-caramelo-salado\/","url":"https:\/\/healthyforkful.com\/es\/peras-especiadas-con-caramelo-salado\/","name":"Peras especiadas con caramelo salado - Healthy Forkful","isPartOf":{"@id":"https:\/\/healthyforkful.com\/#website"},"primaryImageOfPage":{"@id":"https:\/\/healthyforkful.com\/es\/peras-especiadas-con-caramelo-salado\/#primaryimage"},"image":{"@id":"https:\/\/healthyforkful.com\/es\/peras-especiadas-con-caramelo-salado\/#primaryimage"},"thumbnailUrl":"https:\/\/i0.wp.com\/healthyforkful.com\/wp-content\/uploads\/2019\/11\/Peras-especiadas-con-salsa-de-caramelo-salado.jpeg?fit=1348%2C2048&ssl=1","datePublished":"2019-11-14T07:07:26+00:00","dateModified":"2019-11-14T11:53:46+00:00","description":"Si llevas un tiempo por aqu\u00ed, te habr\u00e1s dado cuenta que me gustan mucho las peras. No solo las tomo de postre as\u00ed al natural, si no que me gustan en","breadcrumb":{"@id":"https:\/\/healthyforkful.com\/es\/peras-especiadas-con-caramelo-salado\/#breadcrumb"},"inLanguage":"es","potentialAction":[{"@type":"ReadAction","target":["https:\/\/healthyforkful.com\/es\/peras-especiadas-con-caramelo-salado\/"]}]},{"@type":"ImageObject","inLanguage":"es","@id":"https:\/\/healthyforkful.com\/es\/peras-especiadas-con-caramelo-salado\/#primaryimage","url":"https:\/\/i0.wp.com\/healthyforkful.com\/wp-content\/uploads\/2019\/11\/Peras-especiadas-con-salsa-de-caramelo-salado.jpeg?fit=1348%2C2048&ssl=1","contentUrl":"https:\/\/i0.wp.com\/healthyforkful.com\/wp-content\/uploads\/2019\/11\/Peras-especiadas-con-salsa-de-caramelo-salado.jpeg?fit=1348%2C2048&ssl=1","width":1348,"height":2048},{"@type":"BreadcrumbList","@id":"https:\/\/healthyforkful.com\/es\/peras-especiadas-con-caramelo-salado\/#breadcrumb","itemListElement":[{"@type":"ListItem","position":1,"name":"Home","item":"https:\/\/healthyforkful.com\/es\/"},{"@type":"ListItem","position":2,"name":"Recetas","item":"https:\/\/healthyforkful.com\/es\/category\/recetas\/"},{"@type":"ListItem","position":3,"name":"Peras especiadas con caramelo salado"}]},{"@type":"WebSite","@id":"https:\/\/healthyforkful.com\/#website","url":"https:\/\/healthyforkful.com\/","name":"Healthy Forkful","description":"Recetas nutritivas y deliciosas ","publisher":{"@id":"https:\/\/healthyforkful.com\/#\/schema\/person\/36d13024a9c2682528a14123f097fb96"},"potentialAction":[{"@type":"SearchAction","target":{"@type":"EntryPoint","urlTemplate":"https:\/\/healthyforkful.com\/?s={search_term_string}"},"query-input":{"@type":"PropertyValueSpecification","valueRequired":true,"valueName":"search_term_string"}}],"inLanguage":"es"},{"@type":["Person","Organization"],"@id":"https:\/\/healthyforkful.com\/#\/schema\/person\/36d13024a9c2682528a14123f097fb96","name":"Maria","image":{"@type":"ImageObject","inLanguage":"es","@id":"https:\/\/healthyforkful.com\/#\/schema\/person\/image\/","url":"https:\/\/i0.wp.com\/www.healthyforkful.com\/wp-content\/uploads\/2017\/11\/Maria-Llamas.jpg?fit=200%2C200&ssl=1","contentUrl":"https:\/\/i0.wp.com\/www.healthyforkful.com\/wp-content\/uploads\/2017\/11\/Maria-Llamas.jpg?fit=200%2C200&ssl=1","width":200,"height":200,"caption":"Maria"},"logo":{"@id":"https:\/\/healthyforkful.com\/#\/schema\/person\/image\/"},"sameAs":["https:\/\/healthyforkful.com\/","www.facebook.com\/healthyforkful"]}]}},"jetpack_publicize_connections":[],"jetpack_featured_media_url":"https:\/\/i0.wp.com\/healthyforkful.com\/wp-content\/uploads\/2019\/11\/Peras-especiadas-con-salsa-de-caramelo-salado.jpeg?fit=1348%2C2048&ssl=1","jetpack_sharing_enabled":true,"jetpack_shortlink":"https:\/\/wp.me\/p8n1Ll-1d3","jetpack-related-posts":[{"id":6933,"url":"https:\/\/healthyforkful.com\/es\/crumble-bajo-en-histamina\/","url_meta":{"origin":4653,"position":0},"title":"Crumble bajo en histamina","author":"Maria","date":"","format":false,"excerpt":"Hay postres que no solo alimentan el cuerpo, sino que tambi\u00e9n aportan calma. Que se preparan despacio, llenan la cocina de aromas c\u00e1lidos y nos recuerdan que cuidarse tambi\u00e9n puede ser un acto placentero. Este crumble saludable, elaborado con ingredientes sencillos y reales, es uno de esos platos que reconcilian\u2026","rel":"","context":"En \u00abRecetas\u00bb","block_context":{"text":"Recetas","link":"https:\/\/healthyforkful.com\/es\/category\/recetas\/"},"img":{"alt_text":"crumble bajo en histamina","src":"https:\/\/i0.wp.com\/healthyforkful.com\/wp-content\/uploads\/2026\/01\/Crumble-bajo-en-histamina-scaled.jpg?fit=1200%2C863&ssl=1&resize=350%2C200","width":350,"height":200,"srcset":"https:\/\/i0.wp.com\/healthyforkful.com\/wp-content\/uploads\/2026\/01\/Crumble-bajo-en-histamina-scaled.jpg?fit=1200%2C863&ssl=1&resize=350%2C200 1x, https:\/\/i0.wp.com\/healthyforkful.com\/wp-content\/uploads\/2026\/01\/Crumble-bajo-en-histamina-scaled.jpg?fit=1200%2C863&ssl=1&resize=525%2C300 1.5x, https:\/\/i0.wp.com\/healthyforkful.com\/wp-content\/uploads\/2026\/01\/Crumble-bajo-en-histamina-scaled.jpg?fit=1200%2C863&ssl=1&resize=700%2C400 2x, https:\/\/i0.wp.com\/healthyforkful.com\/wp-content\/uploads\/2026\/01\/Crumble-bajo-en-histamina-scaled.jpg?fit=1200%2C863&ssl=1&resize=1050%2C600 3x"},"classes":[]},{"id":4936,"url":"https:\/\/healthyforkful.com\/es\/muffins-pera-chocolate\/","url_meta":{"origin":4653,"position":1},"title":"Muffins de pera y chocolate","author":"Maria","date":"","format":false,"excerpt":"Los fines de semana son para hornear y planificar comidas. Lo he dicho muchas veces, uno de los pilares de una dieta saludable es la planificaci\u00f3n. Todos sabemos que necesitamos comer m\u00e1s verduras, cereales integrales, grasas saludables y menos alimentos procesados, pero muchas personas fallan en la planificaci\u00f3n. Si te\u2026","rel":"","context":"En \u00abDesayunos y Brunch\u00bb","block_context":{"text":"Desayunos y Brunch","link":"https:\/\/healthyforkful.com\/es\/category\/desayunos-y-brunch\/"},"img":{"alt_text":"","src":"https:\/\/i0.wp.com\/healthyforkful.com\/wp-content\/uploads\/2017\/09\/pear-chocolate-muffins-4-reducida.jpg?fit=900%2C1200&ssl=1&resize=350%2C200","width":350,"height":200,"srcset":"https:\/\/i0.wp.com\/healthyforkful.com\/wp-content\/uploads\/2017\/09\/pear-chocolate-muffins-4-reducida.jpg?fit=900%2C1200&ssl=1&resize=350%2C200 1x, https:\/\/i0.wp.com\/healthyforkful.com\/wp-content\/uploads\/2017\/09\/pear-chocolate-muffins-4-reducida.jpg?fit=900%2C1200&ssl=1&resize=525%2C300 1.5x, https:\/\/i0.wp.com\/healthyforkful.com\/wp-content\/uploads\/2017\/09\/pear-chocolate-muffins-4-reducida.jpg?fit=900%2C1200&ssl=1&resize=700%2C400 2x"},"classes":[]},{"id":3543,"url":"https:\/\/healthyforkful.com\/es\/descubre-los-beneficios-del-sabor-amargo-endivias-con-parmesano-pera-a-la-parrilla-y-alino-de-mostaza\/","url_meta":{"origin":4653,"position":2},"title":"Descubre los Beneficios del Sabor Amargo | Endivias con parmesano, pera a la parrilla y ali\u00f1o de mostaza","author":"Maria","date":"","format":false,"excerpt":"Amada por unos y odiada por otros, la endivia es uno de esos ingredientes que causa controversia y es que su sabor es bastante caracter\u00edstico y a ese sabor amargo de la endivia le debemos su multitud de beneficios. Son varios los sabores que nos ofrecen los alimentos, dulce, salada,\u2026","rel":"","context":"En \u00abEnsaladas\u00bb","block_context":{"text":"Ensaladas","link":"https:\/\/healthyforkful.com\/es\/category\/ensaladas\/"},"img":{"alt_text":"","src":"https:\/\/i0.wp.com\/healthyforkful.com\/wp-content\/uploads\/2018\/10\/Endivias-con-parmesano-peras-asadas-y-alin%CC%83o-de-mostaza.jpg?fit=900%2C1200&ssl=1&resize=350%2C200","width":350,"height":200,"srcset":"https:\/\/i0.wp.com\/healthyforkful.com\/wp-content\/uploads\/2018\/10\/Endivias-con-parmesano-peras-asadas-y-alin%CC%83o-de-mostaza.jpg?fit=900%2C1200&ssl=1&resize=350%2C200 1x, https:\/\/i0.wp.com\/healthyforkful.com\/wp-content\/uploads\/2018\/10\/Endivias-con-parmesano-peras-asadas-y-alin%CC%83o-de-mostaza.jpg?fit=900%2C1200&ssl=1&resize=525%2C300 1.5x, https:\/\/i0.wp.com\/healthyforkful.com\/wp-content\/uploads\/2018\/10\/Endivias-con-parmesano-peras-asadas-y-alin%CC%83o-de-mostaza.jpg?fit=900%2C1200&ssl=1&resize=700%2C400 2x"},"classes":[]},{"id":4893,"url":"https:\/\/healthyforkful.com\/es\/diente-de-leon\/","url_meta":{"origin":4653,"position":3},"title":"Diente de le\u00f3n, con rabanitos, pera a la sart\u00e9n y gambas","author":"Maria","date":"","format":false,"excerpt":"Si te preguntase si conoces la planta diente de le\u00f3n seguramente no supieses decirme a ciencia cierta c\u00f3mo es, pero en cuanto vieses una foto de su flor, la reconocer\u00edas de inmediato. La hoja de diente de le\u00f3n es muy utilizada en medicina natural pero no tanto en cocina, al\u2026","rel":"","context":"En \u00abEnsaladas\u00bb","block_context":{"text":"Ensaladas","link":"https:\/\/healthyforkful.com\/es\/category\/ensaladas\/"},"img":{"alt_text":"","src":"https:\/\/i0.wp.com\/healthyforkful.com\/wp-content\/uploads\/2020\/03\/IMG_0388-scaled.jpeg?fit=900%2C1200&ssl=1&resize=350%2C200","width":350,"height":200,"srcset":"https:\/\/i0.wp.com\/healthyforkful.com\/wp-content\/uploads\/2020\/03\/IMG_0388-scaled.jpeg?fit=900%2C1200&ssl=1&resize=350%2C200 1x, https:\/\/i0.wp.com\/healthyforkful.com\/wp-content\/uploads\/2020\/03\/IMG_0388-scaled.jpeg?fit=900%2C1200&ssl=1&resize=525%2C300 1.5x, https:\/\/i0.wp.com\/healthyforkful.com\/wp-content\/uploads\/2020\/03\/IMG_0388-scaled.jpeg?fit=900%2C1200&ssl=1&resize=700%2C400 2x"},"classes":[]},{"id":6107,"url":"https:\/\/healthyforkful.com\/es\/tarta-de-fresas-facil\/","url_meta":{"origin":4653,"position":4},"title":"Tarta de fresas f\u00e1cil y r\u00e1pida","author":"Maria","date":"","format":false,"excerpt":"Hay d\u00edas que apetece tomarte un postre algo m\u00e1s indulgente que una pieza de fruta. Para cuando te surja esa necesidad y deseo, te propongo esta tarta de fresas f\u00e1cil. Rica, nutritiva y deliciosa que no te dejar\u00e1 indiferente. S\u00ed, seguramente no es la tarta de fresas que ten\u00edas en\u2026","rel":"","context":"En \u00abGalletas\u00bb","block_context":{"text":"Galletas","link":"https:\/\/healthyforkful.com\/es\/category\/galletas\/"},"img":{"alt_text":"Tarta de fresas f\u00e1cil","src":"https:\/\/i0.wp.com\/healthyforkful.com\/wp-content\/uploads\/2021\/04\/Montadito-de-fresas.jpg?fit=900%2C1200&ssl=1&resize=350%2C200","width":350,"height":200,"srcset":"https:\/\/i0.wp.com\/healthyforkful.com\/wp-content\/uploads\/2021\/04\/Montadito-de-fresas.jpg?fit=900%2C1200&ssl=1&resize=350%2C200 1x, https:\/\/i0.wp.com\/healthyforkful.com\/wp-content\/uploads\/2021\/04\/Montadito-de-fresas.jpg?fit=900%2C1200&ssl=1&resize=525%2C300 1.5x, https:\/\/i0.wp.com\/healthyforkful.com\/wp-content\/uploads\/2021\/04\/Montadito-de-fresas.jpg?fit=900%2C1200&ssl=1&resize=700%2C400 2x"},"classes":[]},{"id":3804,"url":"https:\/\/healthyforkful.com\/es\/recetas-navidenas-deliciosas-y-nutritivas\/","url_meta":{"origin":4653,"position":5},"title":"Recetas Navide\u00f1as deliciosas y nutritivas","author":"Maria","date":"","format":false,"excerpt":"La Navidad est\u00e1 a la vuelta de la esquina y probablemente muchos de vosotros ya sab\u00e9is qu\u00e9 vais a comer para Nochebuena, el D\u00eda de Navidad y San Esteban, pero estoy seguro de que hay otros que no est\u00e1n seguros de cu\u00e1l ser\u00e1 su men\u00fa. Tal vez vay\u00e1is a casa\u2026","rel":"","context":"En \u00abDesayunos y Brunch\u00bb","block_context":{"text":"Desayunos y Brunch","link":"https:\/\/healthyforkful.com\/es\/category\/desayunos-y-brunch\/"},"img":{"alt_text":"","src":"https:\/\/i0.wp.com\/healthyforkful.com\/wp-content\/uploads\/2017\/12\/Flan-Turron-reducida.jpg?fit=900%2C1200&ssl=1&resize=350%2C200","width":350,"height":200,"srcset":"https:\/\/i0.wp.com\/healthyforkful.com\/wp-content\/uploads\/2017\/12\/Flan-Turron-reducida.jpg?fit=900%2C1200&ssl=1&resize=350%2C200 1x, https:\/\/i0.wp.com\/healthyforkful.com\/wp-content\/uploads\/2017\/12\/Flan-Turron-reducida.jpg?fit=900%2C1200&ssl=1&resize=525%2C300 1.5x, https:\/\/i0.wp.com\/healthyforkful.com\/wp-content\/uploads\/2017\/12\/Flan-Turron-reducida.jpg?fit=900%2C1200&ssl=1&resize=700%2C400 2x"},"classes":[]}],"jetpack_likes_enabled":true,"amp_enabled":true,"_links":{"self":[{"href":"https:\/\/healthyforkful.com\/es\/wp-json\/wp\/v2\/posts\/4653\/"}],"collection":[{"href":"https:\/\/healthyforkful.com\/es\/wp-json\/wp\/v2\/posts\/"}],"about":[{"href":"https:\/\/healthyforkful.com\/es\/wp-json\/wp\/v2\/types\/post\/"}],"author":[{"embeddable":true,"href":"https:\/\/healthyforkful.com\/es\/wp-json\/wp\/v2\/users\/1\/"}],"replies":[{"embeddable":true,"href":"https:\/\/healthyforkful.com\/es\/wp-json\/wp\/v2\/comments\/?post=4653"}],"version-history":[{"count":3,"href":"https:\/\/healthyforkful.com\/es\/wp-json\/wp\/v2\/posts\/4653\/revisions\/"}],"predecessor-version":[{"id":4675,"href":"https:\/\/healthyforkful.com\/es\/wp-json\/wp\/v2\/posts\/4653\/revisions\/4675\/"}],"wp:featuredmedia":[{"embeddable":true,"href":"https:\/\/healthyforkful.com\/es\/wp-json\/wp\/v2\/media\/4660\/"}],"wp:attachment":[{"href":"https:\/\/healthyforkful.com\/es\/wp-json\/wp\/v2\/media\/?parent=4653"}],"wp:term":[{"taxonomy":"category","embeddable":true,"href":"https:\/\/healthyforkful.com\/es\/wp-json\/wp\/v2\/categories\/?post=4653"},{"taxonomy":"post_tag","embeddable":true,"href":"https:\/\/healthyforkful.com\/es\/wp-json\/wp\/v2\/tags\/?post=4653"}],"curies":[{"name":"wp","href":"https:\/\/api.w.org\/{rel}","templated":true}]}}