{"id":4788,"date":"2019-12-15T23:18:54","date_gmt":"2019-12-15T22:18:54","guid":{"rendered":"https:\/\/healthyforkful.com\/?p=4788"},"modified":"2019-12-15T23:19:08","modified_gmt":"2019-12-15T22:19:08","slug":"tarta-de-anacardos-y-frutos-rojos","status":"publish","type":"post","link":"https:\/\/healthyforkful.com\/es\/tarta-de-anacardos-y-frutos-rojos\/","title":{"rendered":"Tarta de anacardos y frutos rojos"},"content":{"rendered":"\n<figure class=\"wp-block-image\"><img decoding=\"async\" src=\"blob:https:\/\/healthyforkful.com\/7e80e4f3-5284-4f57-8477-e1eefbebfada\" alt=\"\"\/><\/figure>\n\n\n\n<p>O como en el mundo vegano se dir\u00eda, tarta de \u00abqueso\u00bb. <\/p>\n\n\n\n<p>Pero sinceramente para mi, si no lleva queso no puede ser una tarta de queso.<\/p>\n\n\n\n<p>Y segundo, no me gusta etiquetar, las etiquetas crean prejuicios y dan lugar a ideas y opiniones anticipadas. As\u00ed que prefiero no llamarla tarta vegana o tarta raw, o tarta sin gluten.<\/p>\n\n\n\n<p>De ah\u00ed que el nombre sea simplemente lo que es, una Tarta de anacardos y frutos rojos.<\/p>\n\n\n\n<p>As\u00ed que piensa en esta tarta de anacardos con frutos rojos como un postre delicioso y nutritivo que les gustar\u00e1 a todos. Porque ya seas vegano, celiaco o no lo seas, \u00a1creo que te encantar\u00e1!<\/p>\n\n\n\n<p>Esta vez la he servido con salsa de frutos rojos, pero estar\u00eda exquisita tambi\u00e9n con la <a href=\"https:\/\/healthyforkful.com\/es\/peras-especiadas-con-caramelo-salado\/\" target=\"_blank\" rel=\"noreferrer noopener\" aria-label=\"salsa de caramelo salado (opens in a new tab)\">salsa de caramelo salado<\/a> que us\u00e9 en la receta de las peras pochadas. Una salsa que querr\u00e1s beberte como oro l\u00edquido. No exagero.<\/p>\n\n\n\n<figure class=\"wp-block-image size-large\"><img fetchpriority=\"high\" decoding=\"async\" width=\"1536\" height=\"2048\" src=\"https:\/\/i1.wp.com\/www.healthyforkful.com\/wp-content\/uploads\/2019\/12\/IMG_6515-scaled.jpg?fit=768%2C1024&amp;ssl=1\" alt=\"\" class=\"wp-image-4791\" srcset=\"https:\/\/i0.wp.com\/healthyforkful.com\/wp-content\/uploads\/2019\/12\/IMG_6515-scaled.jpg?w=1536&amp;ssl=1 1536w, https:\/\/i0.wp.com\/healthyforkful.com\/wp-content\/uploads\/2019\/12\/IMG_6515-scaled.jpg?resize=225%2C300&amp;ssl=1 225w, https:\/\/i0.wp.com\/healthyforkful.com\/wp-content\/uploads\/2019\/12\/IMG_6515-scaled.jpg?resize=768%2C1024&amp;ssl=1 768w, https:\/\/i0.wp.com\/healthyforkful.com\/wp-content\/uploads\/2019\/12\/IMG_6515-scaled.jpg?resize=1152%2C1536&amp;ssl=1 1152w\" sizes=\"(max-width: 980px) 100vw, 980px\" \/><\/figure>\n\n\n<div id=\"recipe\"><\/div><div id=\"wprm-recipe-container-4789\" class=\"wprm-recipe-container\" data-recipe-id=\"4789\" data-servings=\"12\"><div class=\"wprm-recipe wprm-recipe-tastefully-simple\">\n\t<div class=\"wprm-recipe-image-container\">\n\t\t\t\t<div class=\"wprm-recipe-image\"><img decoding=\"async\" width=\"150\" height=\"150\" src=\"https:\/\/i0.wp.com\/healthyforkful.com\/wp-content\/uploads\/2019\/12\/IMG_6515.jpg?resize=150%2C150&amp;ssl=1\" class=\"attachment-thumbnail size-thumbnail\" alt=\"\" data-attachment-id=\"4792\" data-permalink=\"https:\/\/healthyforkful.com\/es\/tarta-de-anacardos-y-frutos-rojos\/img_6515-2\/\" data-orig-file=\"https:\/\/i0.wp.com\/healthyforkful.com\/wp-content\/uploads\/2019\/12\/IMG_6515.jpg?fit=1536%2C2048&amp;ssl=1\" data-orig-size=\"1536,2048\" data-comments-opened=\"1\" data-image-meta=\"{&quot;aperture&quot;:&quot;2.2&quot;,&quot;credit&quot;:&quot;&quot;,&quot;camera&quot;:&quot;iPhone SE&quot;,&quot;caption&quot;:&quot;&quot;,&quot;created_timestamp&quot;:&quot;1576420253&quot;,&quot;copyright&quot;:&quot;&quot;,&quot;focal_length&quot;:&quot;4.15&quot;,&quot;iso&quot;:&quot;160&quot;,&quot;shutter_speed&quot;:&quot;0.033333333333333&quot;,&quot;title&quot;:&quot;&quot;,&quot;orientation&quot;:&quot;0&quot;}\" data-image-title=\"IMG_6515\" data-image-description=\"\" data-image-caption=\"\" data-medium-file=\"https:\/\/i0.wp.com\/healthyforkful.com\/wp-content\/uploads\/2019\/12\/IMG_6515.jpg?fit=225%2C300&amp;ssl=1\" data-large-file=\"https:\/\/i0.wp.com\/healthyforkful.com\/wp-content\/uploads\/2019\/12\/IMG_6515.jpg?fit=768%2C1024&amp;ssl=1\" \/><\/div>\n\t\t<div class=\"wprm-recipe-buttons\">\n\t\t\t<a href=\"https:\/\/healthyforkful.com\/es\/wprm_print\/tarta-de-anacardos-con-frutos-rojos\" class=\"wprm-recipe-print wprm-color-accent\" target=\"_blank\" rel=\"nofollow\">Imprimir<\/a>\n\t\t<\/div>\n\t<\/div>\n\t<div class=\"wprm-recipe-name wprm-color-header\">Tarta de anacardos con frutos rojos<\/div>\n\t\t<div class=\"wprm-recipe-summary\">\n\t\t<p>La mejor receta de tarta de &quot;queso&quot; sin queso te podr\u00edas comerte. Es una tarta hecha con anacardos que se han remojado durante la noche y es incre\u00edblemente cremoso y decadente. S\u00edrvela con diferentes salsas para variar en sabores.<\/p><p><br \/><br \/><br \/><br \/><br \/><br \/><\/p>\t<\/div>\n\t<div class=\"wprm-recipe-details-container\">\n\t\t\t\t\t<div class=\"wprm-recipe-course-container\">\n\t\t\t\t<span class=\"wprm-recipe-details-name wprm-recipe-course-name\">Plato:<\/span>\n\t\t\t\t<span class=\"wprm-recipe-course\">\n\t\t\t\t\tPostre\t\t\t\t<\/span>\n\t\t\t<\/div>\n\t\t\t\t\t<div class=\"wprm-recipe-cuisine-container\">\n\t\t\t\t<span class=\"wprm-recipe-details-name wprm-recipe-cuisine-name\">Cocina:<\/span>\n\t\t\t\t<span class=\"wprm-recipe-cuisine\">\n\t\t\t\t\tcrudivegana, Sin Gluten, vegana\t\t\t\t<\/span>\n\t\t\t<\/div>\n\t\t\t\t\t\t<div class=\"wprm-recipe-servings-container\">\n\t\t\t<span class=\"wprm-recipe-details-name wprm-recipe-servings-name\">Raciones<\/span>: <span class=\"wprm-recipe-details wprm-recipe-servings wprm-recipe-servings-4789\">12<\/span> <span class=\"wprm-recipe-details-unit wprm-recipe-servings-unit\">personas<\/span>\n\t\t<\/div>\n\t\t\t\t\t\t\t<\/div>\n\n\t\t<div class=\"wprm-recipe-ingredients-container\">\n\t\t<div class=\"wprm-recipe-header wprm-color-header\">Ingredientes<\/div>\n\t\t\t\t<div class=\"wprm-recipe-ingredient-group\">\n\t\t\t\t\t\t<div class=\"wprm-recipe-group-name wprm-recipe-ingredient-group-name\">Para la base<\/div>\n\t\t\t\t\t\t<ul class=\"wprm-recipe-ingredients\">\n\t\t\t\t\t\t\t\t<li class=\"wprm-recipe-ingredient\">\n\t\t\t\t\t\t\t\t\t\t<span class=\"wprm-recipe-ingredient-amount\">150<\/span>\n\t\t\t\t\t\t\t\t\t\t\t\t\t\t\t<span class=\"wprm-recipe-ingredient-unit\">g<\/span>\n\t\t\t\t\t\t\t\t\t\t<span class=\"wprm-recipe-ingredient-name\">de almendras crudas<\/span>\n\t\t\t\t\t\t\t\t\t<\/li>\n\t\t\t\t\t\t\t\t<li class=\"wprm-recipe-ingredient\">\n\t\t\t\t\t\t\t\t\t\t<span class=\"wprm-recipe-ingredient-amount\">150<\/span>\n\t\t\t\t\t\t\t\t\t\t\t\t\t\t\t<span class=\"wprm-recipe-ingredient-unit\">g<\/span>\n\t\t\t\t\t\t\t\t\t\t<span class=\"wprm-recipe-ingredient-name\">de coco rallado<\/span>\n\t\t\t\t\t\t\t\t\t<\/li>\n\t\t\t\t\t\t\t\t<li class=\"wprm-recipe-ingredient\">\n\t\t\t\t\t\t\t\t\t\t<span class=\"wprm-recipe-ingredient-amount\">10<\/span>\n\t\t\t\t\t\t\t\t\t\t\t\t\t\t\t<span class=\"wprm-recipe-ingredient-name\">d\u00e1tiles Medjool<\/span>\n\t\t\t\t\t\t\t\t\t<\/li>\n\t\t\t\t\t\t\t\t<li class=\"wprm-recipe-ingredient\">\n\t\t\t\t\t\t\t\t\t\t<span class=\"wprm-recipe-ingredient-amount\">1\/2<\/span>\n\t\t\t\t\t\t\t\t\t\t\t\t\t\t\t<span class=\"wprm-recipe-ingredient-unit\">cucharadita<\/span>\n\t\t\t\t\t\t\t\t\t\t<span class=\"wprm-recipe-ingredient-name\">de aceite de coco<\/span>\n\t\t\t\t\t\t\t\t\t\t<span class=\"wprm-recipe-ingredient-notes\">derretido<\/span>\n\t\t\t\t\t\t\t\t\t<\/li>\n\t\t\t\t\t\t\t<\/ul>\n\t\t<\/div>\n\t \t\t<div class=\"wprm-recipe-ingredient-group\">\n\t\t\t\t\t\t<div class=\"wprm-recipe-group-name wprm-recipe-ingredient-group-name\">Para el relleno<\/div>\n\t\t\t\t\t\t<ul class=\"wprm-recipe-ingredients\">\n\t\t\t\t\t\t\t\t<li class=\"wprm-recipe-ingredient\">\n\t\t\t\t\t\t\t\t\t\t<span class=\"wprm-recipe-ingredient-amount\">600<\/span>\n\t\t\t\t\t\t\t\t\t\t\t\t\t\t\t<span class=\"wprm-recipe-ingredient-unit\">g<\/span>\n\t\t\t\t\t\t\t\t\t\t<span class=\"wprm-recipe-ingredient-name\">de anacardos crudos<\/span>\n\t\t\t\t\t\t\t\t\t\t<span class=\"wprm-recipe-ingredient-notes\">remojados toda la noche, escurridos y enjuagados<\/span>\n\t\t\t\t\t\t\t\t\t<\/li>\n\t\t\t\t\t\t\t\t<li class=\"wprm-recipe-ingredient\">\n\t\t\t\t\t\t\t\t\t\t<span class=\"wprm-recipe-ingredient-amount\">250<\/span>\n\t\t\t\t\t\t\t\t\t\t\t\t\t\t\t<span class=\"wprm-recipe-ingredient-unit\">ml<\/span>\n\t\t\t\t\t\t\t\t\t\t<span class=\"wprm-recipe-ingredient-name\">de agua<\/span>\n\t\t\t\t\t\t\t\t\t<\/li>\n\t\t\t\t\t\t\t\t<li class=\"wprm-recipe-ingredient\">\n\t\t\t\t\t\t\t\t\t\t<span class=\"wprm-recipe-ingredient-amount\">90<\/span>\n\t\t\t\t\t\t\t\t\t\t\t\t\t\t\t<span class=\"wprm-recipe-ingredient-unit\">ml<\/span>\n\t\t\t\t\t\t\t\t\t\t<span class=\"wprm-recipe-ingredient-name\">de miel<\/span>\n\t\t\t\t\t\t\t\t\t\t<span class=\"wprm-recipe-ingredient-notes\">sirope de arce<\/span>\n\t\t\t\t\t\t\t\t\t<\/li>\n\t\t\t\t\t\t\t\t<li class=\"wprm-recipe-ingredient\">\n\t\t\t\t\t\t\t\t\t\t<span class=\"wprm-recipe-ingredient-amount\">90<\/span>\n\t\t\t\t\t\t\t\t\t\t\t\t\t\t\t<span class=\"wprm-recipe-ingredient-unit\">ml<\/span>\n\t\t\t\t\t\t\t\t\t\t<span class=\"wprm-recipe-ingredient-name\">de aceite de coco<\/span>\n\t\t\t\t\t\t\t\t\t\t<span class=\"wprm-recipe-ingredient-notes\">derretido<\/span>\n\t\t\t\t\t\t\t\t\t<\/li>\n\t\t\t\t\t\t\t\t<li class=\"wprm-recipe-ingredient\">\n\t\t\t\t\t\t\t\t\t\t<span class=\"wprm-recipe-ingredient-amount\">125<\/span>\n\t\t\t\t\t\t\t\t\t\t\t\t\t\t\t<span class=\"wprm-recipe-ingredient-unit\">ml<\/span>\n\t\t\t\t\t\t\t\t\t\t<span class=\"wprm-recipe-ingredient-name\">de zumo de lim\u00f3n<\/span>\n\t\t\t\t\t\t\t\t\t<\/li>\n\t\t\t\t\t\t\t\t<li class=\"wprm-recipe-ingredient\">\n\t\t\t\t\t\t\t\t\t\t<span class=\"wprm-recipe-ingredient-amount\">2<\/span>\n\t\t\t\t\t\t\t\t\t\t\t\t\t\t\t<span class=\"wprm-recipe-ingredient-name\">vainas de vainilla<\/span>\n\t\t\t\t\t\t\t\t\t\t<span class=\"wprm-recipe-ingredient-notes\">raspadas<\/span>\n\t\t\t\t\t\t\t\t\t<\/li>\n\t\t\t\t\t\t\t<\/ul>\n\t\t<\/div>\n\t \t\t<div class=\"wprm-recipe-ingredient-group\">\n\t\t\t\t\t\t<div class=\"wprm-recipe-group-name wprm-recipe-ingredient-group-name\">Para la salsa de frutos rojos<\/div>\n\t\t\t\t\t\t<ul class=\"wprm-recipe-ingredients\">\n\t\t\t\t\t\t\t\t<li class=\"wprm-recipe-ingredient\">\n\t\t\t\t\t\t\t\t\t\t<span class=\"wprm-recipe-ingredient-amount\">450<\/span>\n\t\t\t\t\t\t\t\t\t\t\t\t\t\t\t<span class=\"wprm-recipe-ingredient-unit\">g<\/span>\n\t\t\t\t\t\t\t\t\t\t<span class=\"wprm-recipe-ingredient-name\">de frutos rojos congelados<\/span>\n\t\t\t\t\t\t\t\t\t<\/li>\n\t\t\t\t\t\t\t\t<li class=\"wprm-recipe-ingredient\">\n\t\t\t\t\t\t\t\t\t\t<span class=\"wprm-recipe-ingredient-amount\">1-2<\/span>\n\t\t\t\t\t\t\t\t\t\t\t\t\t\t\t<span class=\"wprm-recipe-ingredient-unit\">cucharadas<\/span>\n\t\t\t\t\t\t\t\t\t\t<span class=\"wprm-recipe-ingredient-name\">de miel o sirope de arce<\/span>\n\t\t\t\t\t\t\t\t\t<\/li>\n\t\t\t\t\t\t\t\t<li class=\"wprm-recipe-ingredient\">\n\t\t\t\t\t\t\t\t\t\t<span class=\"wprm-recipe-ingredient-amount\">1<\/span>\n\t\t\t\t\t\t\t\t\t\t\t\t\t\t\t<span class=\"wprm-recipe-ingredient-unit\">cucharada<\/span>\n\t\t\t\t\t\t\t\t\t\t<span class=\"wprm-recipe-ingredient-name\">de zumo de lim\u00f3n<\/span>\n\t\t\t\t\t\t\t\t\t<\/li>\n\t\t\t\t\t\t\t<\/ul>\n\t\t<\/div>\n\t \t \t<\/div>\n\t\t\t<div class=\"wprm-recipe-instructions-container\">\n\t\t<div class=\"wprm-recipe-header wprm-color-header\">Elaboraci\u00f3n paso a paso<\/div>\n\t\t\t\t<div class=\"wprm-recipe-instruction-group\">\n\t\t\t\t\t\t<ol class=\"wprm-recipe-instructions\">\n\t\t\t\t\t\t\t\t<li class=\"wprm-recipe-instruction\">\n\t\t\t\t\t\t\t\t\t\t<div class=\"wprm-recipe-instruction-text\">Coloca todos los ingredientes de la base en un procesador de alimentos y procese hasta que tenga la textura de arena o migas de pan.<\/div>\n\t\t\t\t\t\t\t\t\t\t\t\t\t\t<\/li>\n\t\t\t\t\t\t\t\t<li class=\"wprm-recipe-instruction\">\n\t\t\t\t\t\t\t\t\t\t<div class=\"wprm-recipe-instruction-text\">Vierte la mezcla en el molde y usa tus dedos para aplanarla.<\/div>\n\t\t\t\t\t\t\t\t\t\t\t\t\t\t<\/li>\n\t\t\t\t\t\t\t\t<li class=\"wprm-recipe-instruction\">\n\t\t\t\t\t\t\t\t\t\t<div class=\"wprm-recipe-instruction-text\">Para hacer el relleno de tarta de queso, agrega todos los ingredientes a una batidora de alta potencia. Tritura durante dos o tres minutos o hasta que est\u00e9 cremoso. Vierte sobre la corteza y golpea suavemente para aplanar y eliminar las burbujas de aire.<\/div>\n\t\t\t\t\t\t\t\t\t\t\t\t\t\t<\/li>\n\t\t\t\t\t\t\t\t<li class=\"wprm-recipe-instruction\">\n\t\t\t\t\t\t\t\t\t\t<div class=\"wprm-recipe-instruction-text\">Congela la tarta de queso durante al menos 5 horas antes de servir.<\/div>\n\t\t\t\t\t\t\t\t\t\t\t\t\t\t<\/li>\n\t\t\t\t\t\t\t\t<li class=\"wprm-recipe-instruction\">\n\t\t\t\t\t\t\t\t\t\t<div class=\"wprm-recipe-instruction-text\">Mientras tanto podemos hacer la salsa de frutos rojos. Ponemos todos los ingredientes en una licuadora y trituramos.<\/div>\n\t\t\t\t\t\t\t\t\t\t\t\t\t\t<\/li>\n\t\t\t\t\t\t\t\t<li class=\"wprm-recipe-instruction\">\n\t\t\t\t\t\t\t\t\t\t<div class=\"wprm-recipe-instruction-text\">Cuando est\u00e9 listo para comer, s\u00e1calo del congelador al menos 30 minutos antes de servir para descongelar.<\/div>\n\t\t\t\t\t\t\t\t\t\t\t\t\t\t<\/li>\n\t\t\t\t\t\t\t\t<li class=\"wprm-recipe-instruction\">\n\t\t\t\t\t\t\t\t\t\t<div class=\"wprm-recipe-instruction-text\">Sirve con la salsa de frutos rojos.<\/div>\n\t\t\t\t\t\t\t\t\t\t\t\t\t\t<\/li>\n\t\t\t\t\t\t\t<\/ol>\n\t\t<\/div>\n\t\t\t<\/div>\n\t\t\t\t<\/div>\n<\/div><!-- AddThis Advanced Settings generic via filter on the_content --><!-- AddThis Share Buttons generic via filter on the_content -->","protected":false},"excerpt":{"rendered":"<p>O como en el mundo vegano se dir\u00eda, tarta de \u00abqueso\u00bb. Pero sinceramente para mi, si no lleva queso no puede ser una tarta de queso. Y segundo, no me gusta etiquetar, las etiquetas crean prejuicios y dan lugar a ideas y opiniones anticipadas. As\u00ed que prefiero no llamarla tarta vegana o tarta raw, o&#8230;<!-- AddThis Advanced Settings generic via filter on get_the_excerpt --><!-- AddThis Share Buttons generic via filter on get_the_excerpt --><\/p>\n<p><a class=\"more-link\" href=\"https:\/\/healthyforkful.com\/es\/tarta-de-anacardos-y-frutos-rojos\/\">Read More<\/a><\/p>","protected":false},"author":1,"featured_media":4792,"comment_status":"open","ping_status":"open","sticky":false,"template":"","format":"standard","meta":{"wprm-recipe-roundup-name":"","wprm-recipe-roundup-description":"","_monsterinsights_skip_tracking":false,"_monsterinsights_sitenote_active":false,"_monsterinsights_sitenote_note":"","_monsterinsights_sitenote_category":0,"_genesis_hide_title":false,"_genesis_hide_breadcrumbs":false,"_genesis_hide_singular_image":false,"_genesis_hide_footer_widgets":false,"_genesis_custom_body_class":"","_genesis_custom_post_class":"","_genesis_layout":"","jetpack_post_was_ever_published":false,"_jetpack_newsletter_access":"","_jetpack_dont_email_post_to_subs":false,"_jetpack_newsletter_tier_id":0,"_jetpack_memberships_contains_paywalled_content":false,"_jetpack_memberships_contains_paid_content":false,"footnotes":"","jetpack_publicize_message":"","jetpack_publicize_feature_enabled":true,"jetpack_social_post_already_shared":true,"jetpack_social_options":{"image_generator_settings":{"template":"highway","default_image_id":0,"font":"","enabled":false},"version":2}},"categories":[831,841],"tags":[2356,2358,2360,2595,2603],"class_list":{"0":"post-4788","1":"post","2":"type-post","3":"status-publish","4":"format-standard","5":"has-post-thumbnail","7":"category-tartas-y-postres","8":"category-recetas","9":"tag-anacardos","10":"tag-crudivegano","11":"tag-frutos-rojos","12":"tag-sin-gluten-es","13":"tag-vegano-es","14":"entry"},"yoast_head":"<!-- This site is optimized with the Yoast SEO plugin v26.8 - https:\/\/yoast.com\/product\/yoast-seo-wordpress\/ -->\n<title>Tarta de anacardos y frutos rojos - Healthy Forkful<\/title>\n<meta name=\"description\" content=\"O como en el mundo vegano se dir\u00eda, tarta de &quot;queso&quot;. Pero sinceramente para mi, si no lleva queso no puede ser una tarta de queso. Y segundo, no me gusta\" \/>\n<meta name=\"robots\" content=\"index, follow, max-snippet:-1, max-image-preview:large, max-video-preview:-1\" \/>\n<link rel=\"canonical\" href=\"https:\/\/healthyforkful.com\/es\/tarta-de-anacardos-y-frutos-rojos\/\" \/>\n<meta property=\"og:locale\" content=\"es_ES\" \/>\n<meta property=\"og:type\" content=\"article\" \/>\n<meta property=\"og:title\" content=\"Tarta de anacardos y frutos rojos - Healthy Forkful\" \/>\n<meta property=\"og:description\" content=\"O como en el mundo vegano se dir\u00eda, tarta de &quot;queso&quot;. Pero sinceramente para mi, si no lleva queso no puede ser una tarta de queso. Y segundo, no me gusta\" \/>\n<meta property=\"og:url\" content=\"https:\/\/healthyforkful.com\/es\/tarta-de-anacardos-y-frutos-rojos\/\" \/>\n<meta property=\"og:site_name\" content=\"Healthy Forkful\" \/>\n<meta property=\"article:publisher\" content=\"www.facebook.com\/healthyforkful\" \/>\n<meta property=\"article:author\" content=\"www.facebook.com\/healthyforkful\" \/>\n<meta property=\"article:published_time\" content=\"2019-12-15T22:18:54+00:00\" \/>\n<meta property=\"article:modified_time\" content=\"2019-12-15T22:19:08+00:00\" \/>\n<meta property=\"og:image\" content=\"https:\/\/i0.wp.com\/www.healthyforkful.com\/wp-content\/uploads\/2019\/12\/IMG_6515.jpg?fit=1536%2C2048&ssl=1\" \/>\n\t<meta property=\"og:image:width\" content=\"1536\" \/>\n\t<meta property=\"og:image:height\" content=\"2048\" \/>\n\t<meta property=\"og:image:type\" content=\"image\/jpeg\" \/>\n<meta name=\"author\" content=\"Maria\" \/>\n<meta name=\"twitter:card\" content=\"summary_large_image\" \/>\n<meta name=\"twitter:creator\" content=\"@healthyforkful\" \/>\n<meta name=\"twitter:site\" content=\"@healthyforkful\" \/>\n<meta name=\"twitter:label1\" content=\"Escrito por\" \/>\n\t<meta name=\"twitter:data1\" content=\"Maria\" \/>\n\t<meta name=\"twitter:label2\" content=\"Tiempo de lectura\" \/>\n\t<meta name=\"twitter:data2\" content=\"2 minutos\" \/>\n<script type=\"application\/ld+json\" class=\"yoast-schema-graph\">{\"@context\":\"https:\/\/schema.org\",\"@graph\":[{\"@type\":\"Article\",\"@id\":\"https:\/\/healthyforkful.com\/es\/tarta-de-anacardos-y-frutos-rojos\/#article\",\"isPartOf\":{\"@id\":\"https:\/\/healthyforkful.com\/es\/tarta-de-anacardos-y-frutos-rojos\/\"},\"author\":{\"name\":\"Maria\",\"@id\":\"https:\/\/healthyforkful.com\/#\/schema\/person\/36d13024a9c2682528a14123f097fb96\"},\"headline\":\"Tarta de anacardos y frutos rojos\",\"datePublished\":\"2019-12-15T22:18:54+00:00\",\"dateModified\":\"2019-12-15T22:19:08+00:00\",\"mainEntityOfPage\":{\"@id\":\"https:\/\/healthyforkful.com\/es\/tarta-de-anacardos-y-frutos-rojos\/\"},\"wordCount\":429,\"commentCount\":0,\"publisher\":{\"@id\":\"https:\/\/healthyforkful.com\/#\/schema\/person\/36d13024a9c2682528a14123f097fb96\"},\"image\":{\"@id\":\"https:\/\/healthyforkful.com\/es\/tarta-de-anacardos-y-frutos-rojos\/#primaryimage\"},\"thumbnailUrl\":\"https:\/\/i0.wp.com\/healthyforkful.com\/wp-content\/uploads\/2019\/12\/IMG_6515.jpg?fit=1536%2C2048&ssl=1\",\"keywords\":[\"anacardos\",\"crudivegano\",\"frutos rojos\",\"sin gluten\",\"vegano\"],\"articleSection\":[\"Tartas y Postres\",\"Recetas\"],\"inLanguage\":\"es\",\"potentialAction\":[{\"@type\":\"CommentAction\",\"name\":\"Comment\",\"target\":[\"https:\/\/healthyforkful.com\/es\/tarta-de-anacardos-y-frutos-rojos\/#respond\"]}]},{\"@type\":\"WebPage\",\"@id\":\"https:\/\/healthyforkful.com\/es\/tarta-de-anacardos-y-frutos-rojos\/\",\"url\":\"https:\/\/healthyforkful.com\/es\/tarta-de-anacardos-y-frutos-rojos\/\",\"name\":\"Tarta de anacardos y frutos rojos - Healthy Forkful\",\"isPartOf\":{\"@id\":\"https:\/\/healthyforkful.com\/#website\"},\"primaryImageOfPage\":{\"@id\":\"https:\/\/healthyforkful.com\/es\/tarta-de-anacardos-y-frutos-rojos\/#primaryimage\"},\"image\":{\"@id\":\"https:\/\/healthyforkful.com\/es\/tarta-de-anacardos-y-frutos-rojos\/#primaryimage\"},\"thumbnailUrl\":\"https:\/\/i0.wp.com\/healthyforkful.com\/wp-content\/uploads\/2019\/12\/IMG_6515.jpg?fit=1536%2C2048&ssl=1\",\"datePublished\":\"2019-12-15T22:18:54+00:00\",\"dateModified\":\"2019-12-15T22:19:08+00:00\",\"description\":\"O como en el mundo vegano se dir\u00eda, tarta de \\\"queso\\\". Pero sinceramente para mi, si no lleva queso no puede ser una tarta de queso. Y segundo, no me gusta\",\"breadcrumb\":{\"@id\":\"https:\/\/healthyforkful.com\/es\/tarta-de-anacardos-y-frutos-rojos\/#breadcrumb\"},\"inLanguage\":\"es\",\"potentialAction\":[{\"@type\":\"ReadAction\",\"target\":[\"https:\/\/healthyforkful.com\/es\/tarta-de-anacardos-y-frutos-rojos\/\"]}]},{\"@type\":\"ImageObject\",\"inLanguage\":\"es\",\"@id\":\"https:\/\/healthyforkful.com\/es\/tarta-de-anacardos-y-frutos-rojos\/#primaryimage\",\"url\":\"https:\/\/i0.wp.com\/healthyforkful.com\/wp-content\/uploads\/2019\/12\/IMG_6515.jpg?fit=1536%2C2048&ssl=1\",\"contentUrl\":\"https:\/\/i0.wp.com\/healthyforkful.com\/wp-content\/uploads\/2019\/12\/IMG_6515.jpg?fit=1536%2C2048&ssl=1\",\"width\":1536,\"height\":2048},{\"@type\":\"BreadcrumbList\",\"@id\":\"https:\/\/healthyforkful.com\/es\/tarta-de-anacardos-y-frutos-rojos\/#breadcrumb\",\"itemListElement\":[{\"@type\":\"ListItem\",\"position\":1,\"name\":\"Home\",\"item\":\"https:\/\/healthyforkful.com\/es\/\"},{\"@type\":\"ListItem\",\"position\":2,\"name\":\"Recipes\",\"item\":\"https:\/\/healthyforkful.com\/category\/recipes\/\"},{\"@type\":\"ListItem\",\"position\":3,\"name\":\"Tarta de anacardos y frutos rojos\"}]},{\"@type\":\"WebSite\",\"@id\":\"https:\/\/healthyforkful.com\/#website\",\"url\":\"https:\/\/healthyforkful.com\/\",\"name\":\"Healthy Forkful\",\"description\":\"Recetas nutritivas y deliciosas \",\"publisher\":{\"@id\":\"https:\/\/healthyforkful.com\/#\/schema\/person\/36d13024a9c2682528a14123f097fb96\"},\"potentialAction\":[{\"@type\":\"SearchAction\",\"target\":{\"@type\":\"EntryPoint\",\"urlTemplate\":\"https:\/\/healthyforkful.com\/?s={search_term_string}\"},\"query-input\":{\"@type\":\"PropertyValueSpecification\",\"valueRequired\":true,\"valueName\":\"search_term_string\"}}],\"inLanguage\":\"es\"},{\"@type\":[\"Person\",\"Organization\"],\"@id\":\"https:\/\/healthyforkful.com\/#\/schema\/person\/36d13024a9c2682528a14123f097fb96\",\"name\":\"Maria\",\"image\":{\"@type\":\"ImageObject\",\"inLanguage\":\"es\",\"@id\":\"https:\/\/healthyforkful.com\/#\/schema\/person\/image\/\",\"url\":\"https:\/\/i0.wp.com\/www.healthyforkful.com\/wp-content\/uploads\/2017\/11\/Maria-Llamas.jpg?fit=200%2C200&ssl=1\",\"contentUrl\":\"https:\/\/i0.wp.com\/www.healthyforkful.com\/wp-content\/uploads\/2017\/11\/Maria-Llamas.jpg?fit=200%2C200&ssl=1\",\"width\":200,\"height\":200,\"caption\":\"Maria\"},\"logo\":{\"@id\":\"https:\/\/healthyforkful.com\/#\/schema\/person\/image\/\"},\"sameAs\":[\"https:\/\/healthyforkful.com\/\",\"www.facebook.com\/healthyforkful\"]}]}<\/script>\n<!-- \/ Yoast SEO plugin. -->","yoast_head_json":{"title":"Tarta de anacardos y frutos rojos - Healthy Forkful","description":"O como en el mundo vegano se dir\u00eda, tarta de \"queso\". Pero sinceramente para mi, si no lleva queso no puede ser una tarta de queso. Y segundo, no me gusta","robots":{"index":"index","follow":"follow","max-snippet":"max-snippet:-1","max-image-preview":"max-image-preview:large","max-video-preview":"max-video-preview:-1"},"canonical":"https:\/\/healthyforkful.com\/es\/tarta-de-anacardos-y-frutos-rojos\/","og_locale":"es_ES","og_type":"article","og_title":"Tarta de anacardos y frutos rojos - Healthy Forkful","og_description":"O como en el mundo vegano se dir\u00eda, tarta de \"queso\". Pero sinceramente para mi, si no lleva queso no puede ser una tarta de queso. Y segundo, no me gusta","og_url":"https:\/\/healthyforkful.com\/es\/tarta-de-anacardos-y-frutos-rojos\/","og_site_name":"Healthy Forkful","article_publisher":"www.facebook.com\/healthyforkful","article_author":"www.facebook.com\/healthyforkful","article_published_time":"2019-12-15T22:18:54+00:00","article_modified_time":"2019-12-15T22:19:08+00:00","og_image":[{"width":1536,"height":2048,"url":"https:\/\/i0.wp.com\/www.healthyforkful.com\/wp-content\/uploads\/2019\/12\/IMG_6515.jpg?fit=1536%2C2048&ssl=1","type":"image\/jpeg"}],"author":"Maria","twitter_card":"summary_large_image","twitter_creator":"@healthyforkful","twitter_site":"@healthyforkful","twitter_misc":{"Escrito por":"Maria","Tiempo de lectura":"2 minutos"},"schema":{"@context":"https:\/\/schema.org","@graph":[{"@type":"Article","@id":"https:\/\/healthyforkful.com\/es\/tarta-de-anacardos-y-frutos-rojos\/#article","isPartOf":{"@id":"https:\/\/healthyforkful.com\/es\/tarta-de-anacardos-y-frutos-rojos\/"},"author":{"name":"Maria","@id":"https:\/\/healthyforkful.com\/#\/schema\/person\/36d13024a9c2682528a14123f097fb96"},"headline":"Tarta de anacardos y frutos rojos","datePublished":"2019-12-15T22:18:54+00:00","dateModified":"2019-12-15T22:19:08+00:00","mainEntityOfPage":{"@id":"https:\/\/healthyforkful.com\/es\/tarta-de-anacardos-y-frutos-rojos\/"},"wordCount":429,"commentCount":0,"publisher":{"@id":"https:\/\/healthyforkful.com\/#\/schema\/person\/36d13024a9c2682528a14123f097fb96"},"image":{"@id":"https:\/\/healthyforkful.com\/es\/tarta-de-anacardos-y-frutos-rojos\/#primaryimage"},"thumbnailUrl":"https:\/\/i0.wp.com\/healthyforkful.com\/wp-content\/uploads\/2019\/12\/IMG_6515.jpg?fit=1536%2C2048&ssl=1","keywords":["anacardos","crudivegano","frutos rojos","sin gluten","vegano"],"articleSection":["Tartas y Postres","Recetas"],"inLanguage":"es","potentialAction":[{"@type":"CommentAction","name":"Comment","target":["https:\/\/healthyforkful.com\/es\/tarta-de-anacardos-y-frutos-rojos\/#respond"]}]},{"@type":"WebPage","@id":"https:\/\/healthyforkful.com\/es\/tarta-de-anacardos-y-frutos-rojos\/","url":"https:\/\/healthyforkful.com\/es\/tarta-de-anacardos-y-frutos-rojos\/","name":"Tarta de anacardos y frutos rojos - Healthy Forkful","isPartOf":{"@id":"https:\/\/healthyforkful.com\/#website"},"primaryImageOfPage":{"@id":"https:\/\/healthyforkful.com\/es\/tarta-de-anacardos-y-frutos-rojos\/#primaryimage"},"image":{"@id":"https:\/\/healthyforkful.com\/es\/tarta-de-anacardos-y-frutos-rojos\/#primaryimage"},"thumbnailUrl":"https:\/\/i0.wp.com\/healthyforkful.com\/wp-content\/uploads\/2019\/12\/IMG_6515.jpg?fit=1536%2C2048&ssl=1","datePublished":"2019-12-15T22:18:54+00:00","dateModified":"2019-12-15T22:19:08+00:00","description":"O como en el mundo vegano se dir\u00eda, tarta de \"queso\". Pero sinceramente para mi, si no lleva queso no puede ser una tarta de queso. Y segundo, no me gusta","breadcrumb":{"@id":"https:\/\/healthyforkful.com\/es\/tarta-de-anacardos-y-frutos-rojos\/#breadcrumb"},"inLanguage":"es","potentialAction":[{"@type":"ReadAction","target":["https:\/\/healthyforkful.com\/es\/tarta-de-anacardos-y-frutos-rojos\/"]}]},{"@type":"ImageObject","inLanguage":"es","@id":"https:\/\/healthyforkful.com\/es\/tarta-de-anacardos-y-frutos-rojos\/#primaryimage","url":"https:\/\/i0.wp.com\/healthyforkful.com\/wp-content\/uploads\/2019\/12\/IMG_6515.jpg?fit=1536%2C2048&ssl=1","contentUrl":"https:\/\/i0.wp.com\/healthyforkful.com\/wp-content\/uploads\/2019\/12\/IMG_6515.jpg?fit=1536%2C2048&ssl=1","width":1536,"height":2048},{"@type":"BreadcrumbList","@id":"https:\/\/healthyforkful.com\/es\/tarta-de-anacardos-y-frutos-rojos\/#breadcrumb","itemListElement":[{"@type":"ListItem","position":1,"name":"Home","item":"https:\/\/healthyforkful.com\/es\/"},{"@type":"ListItem","position":2,"name":"Recipes","item":"https:\/\/healthyforkful.com\/category\/recipes\/"},{"@type":"ListItem","position":3,"name":"Tarta de anacardos y frutos rojos"}]},{"@type":"WebSite","@id":"https:\/\/healthyforkful.com\/#website","url":"https:\/\/healthyforkful.com\/","name":"Healthy Forkful","description":"Recetas nutritivas y deliciosas ","publisher":{"@id":"https:\/\/healthyforkful.com\/#\/schema\/person\/36d13024a9c2682528a14123f097fb96"},"potentialAction":[{"@type":"SearchAction","target":{"@type":"EntryPoint","urlTemplate":"https:\/\/healthyforkful.com\/?s={search_term_string}"},"query-input":{"@type":"PropertyValueSpecification","valueRequired":true,"valueName":"search_term_string"}}],"inLanguage":"es"},{"@type":["Person","Organization"],"@id":"https:\/\/healthyforkful.com\/#\/schema\/person\/36d13024a9c2682528a14123f097fb96","name":"Maria","image":{"@type":"ImageObject","inLanguage":"es","@id":"https:\/\/healthyforkful.com\/#\/schema\/person\/image\/","url":"https:\/\/i0.wp.com\/www.healthyforkful.com\/wp-content\/uploads\/2017\/11\/Maria-Llamas.jpg?fit=200%2C200&ssl=1","contentUrl":"https:\/\/i0.wp.com\/www.healthyforkful.com\/wp-content\/uploads\/2017\/11\/Maria-Llamas.jpg?fit=200%2C200&ssl=1","width":200,"height":200,"caption":"Maria"},"logo":{"@id":"https:\/\/healthyforkful.com\/#\/schema\/person\/image\/"},"sameAs":["https:\/\/healthyforkful.com\/","www.facebook.com\/healthyforkful"]}]}},"jetpack_publicize_connections":[],"jetpack_featured_media_url":"https:\/\/i0.wp.com\/healthyforkful.com\/wp-content\/uploads\/2019\/12\/IMG_6515.jpg?fit=1536%2C2048&ssl=1","jetpack_sharing_enabled":true,"jetpack_shortlink":"https:\/\/wp.me\/p8n1Ll-1fe","jetpack-related-posts":[{"id":3174,"url":"https:\/\/healthyforkful.com\/es\/tarta-mango-coco\/","url_meta":{"origin":4788,"position":0},"title":"Tarta de Mango y Coco","author":"Maria","date":"","format":false,"excerpt":"En esta \u00e9poca del a\u00f1o tiendo a comenzar a comer postres m\u00e1s frescos. Ya comenzamos la temporada de horchata hace algunas semanas, los chiringuitos ya est\u00e1n puestos en las playas y helados y granizados aparecen en las cartas de los restaurantes. Para este domingo, prepar\u00e9 una deliciosa tarta semifr\u00eda de\u2026","rel":"","context":"En \u00abRecetas\u00bb","block_context":{"text":"Recetas","link":"https:\/\/healthyforkful.com\/es\/category\/recetas\/"},"img":{"alt_text":"","src":"https:\/\/i0.wp.com\/healthyforkful.com\/wp-content\/uploads\/2018\/05\/IMG_1060.jpg?fit=900%2C1200&ssl=1&resize=350%2C200","width":350,"height":200,"srcset":"https:\/\/i0.wp.com\/healthyforkful.com\/wp-content\/uploads\/2018\/05\/IMG_1060.jpg?fit=900%2C1200&ssl=1&resize=350%2C200 1x, https:\/\/i0.wp.com\/healthyforkful.com\/wp-content\/uploads\/2018\/05\/IMG_1060.jpg?fit=900%2C1200&ssl=1&resize=525%2C300 1.5x, https:\/\/i0.wp.com\/healthyforkful.com\/wp-content\/uploads\/2018\/05\/IMG_1060.jpg?fit=900%2C1200&ssl=1&resize=700%2C400 2x"},"classes":[]},{"id":5214,"url":"https:\/\/healthyforkful.com\/es\/la-mejor-tarta-fria-de-queso\/","url_meta":{"origin":4788,"position":1},"title":"La mejor tarta fr\u00eda de queso","author":"Maria","date":"","format":false,"excerpt":"Esta es la mejor tarta fr\u00eda de queso, al menos para m\u00ed. Aunque no lo digo solo yo, la verdad que gusta a todo el mundo y no es de extra\u00f1ar. Es cremosa, refrescante y est\u00e1 deliciosa \u00bflo hab\u00eda dicho ya? Hace muchos a\u00f1os que hago tarta fr\u00eda de queso.\u2026","rel":"","context":"En \u00abRecetas\u00bb","block_context":{"text":"Recetas","link":"https:\/\/healthyforkful.com\/es\/category\/recetas\/"},"img":{"alt_text":"","src":"https:\/\/i0.wp.com\/healthyforkful.com\/wp-content\/uploads\/2020\/07\/La-mejor-tarta-de-queso-scaled.jpg?fit=797%2C1200&ssl=1&resize=350%2C200","width":350,"height":200,"srcset":"https:\/\/i0.wp.com\/healthyforkful.com\/wp-content\/uploads\/2020\/07\/La-mejor-tarta-de-queso-scaled.jpg?fit=797%2C1200&ssl=1&resize=350%2C200 1x, https:\/\/i0.wp.com\/healthyforkful.com\/wp-content\/uploads\/2020\/07\/La-mejor-tarta-de-queso-scaled.jpg?fit=797%2C1200&ssl=1&resize=525%2C300 1.5x, https:\/\/i0.wp.com\/healthyforkful.com\/wp-content\/uploads\/2020\/07\/La-mejor-tarta-de-queso-scaled.jpg?fit=797%2C1200&ssl=1&resize=700%2C400 2x"},"classes":[]},{"id":7009,"url":"https:\/\/healthyforkful.com\/es\/porridge-sabor-tarta-de-zanahoria\/","url_meta":{"origin":4788,"position":2},"title":"Porridge sabor tarta de zanahoria","author":"Maria","date":"","format":false,"excerpt":"Llevo un tiempo priorizando la prote\u00edna de calidad en cada comida \u2014m\u00e1s de 30g por toma\u2014 y los cambios han sido notables: mejor estado de \u00e1nimo, energ\u00eda m\u00e1s estable, menos hambre y una composici\u00f3n corporal que agradece el esfuerzo. Lo que tambi\u00e9n he comprobado, tanto en m\u00ed como en mis\u2026","rel":"","context":"En \u00abDesayunos y Brunch\u00bb","block_context":{"text":"Desayunos y Brunch","link":"https:\/\/healthyforkful.com\/es\/category\/desayunos-y-brunch\/"},"img":{"alt_text":"Porridge Tarta de zanahoria","src":"https:\/\/i0.wp.com\/healthyforkful.com\/wp-content\/uploads\/2026\/03\/porridge-tarta-de-zanahoria.png?fit=1200%2C868&ssl=1&resize=350%2C200","width":350,"height":200,"srcset":"https:\/\/i0.wp.com\/healthyforkful.com\/wp-content\/uploads\/2026\/03\/porridge-tarta-de-zanahoria.png?fit=1200%2C868&ssl=1&resize=350%2C200 1x, https:\/\/i0.wp.com\/healthyforkful.com\/wp-content\/uploads\/2026\/03\/porridge-tarta-de-zanahoria.png?fit=1200%2C868&ssl=1&resize=525%2C300 1.5x, https:\/\/i0.wp.com\/healthyforkful.com\/wp-content\/uploads\/2026\/03\/porridge-tarta-de-zanahoria.png?fit=1200%2C868&ssl=1&resize=700%2C400 2x, https:\/\/i0.wp.com\/healthyforkful.com\/wp-content\/uploads\/2026\/03\/porridge-tarta-de-zanahoria.png?fit=1200%2C868&ssl=1&resize=1050%2C600 3x"},"classes":[]},{"id":3809,"url":"https:\/\/healthyforkful.com\/es\/tarta-especiada-calabaza-chocolate\/","url_meta":{"origin":4788,"position":3},"title":"Magia Navide\u00f1a: Tarta Especiada de Calabaza y Chocolate","author":"Maria","date":"","format":false,"excerpt":"\u00a1Un pastel de navidad que a todos gustar\u00e1! Hice esta tarta hace un par de semanas para un cliente. Fue de esas clientas que te dicen \"lo que tu quieras\" lo cual est\u00e1 genial pero por otro lado te pone en un gran compromiso, jeje, en estas ocasiones, lo mejor\u2026","rel":"","context":"En \u00abMuffins y Bizcochos\u00bb","block_context":{"text":"Muffins y Bizcochos","link":"https:\/\/healthyforkful.com\/es\/category\/desayunos-y-brunch\/muffins-y-bizcochos\/"},"img":{"alt_text":"","src":"https:\/\/i0.wp.com\/healthyforkful.com\/wp-content\/uploads\/2017\/12\/pumpkin-anc-chocolate-cake-reducida.jpg?fit=989%2C1200&ssl=1&resize=350%2C200","width":350,"height":200,"srcset":"https:\/\/i0.wp.com\/healthyforkful.com\/wp-content\/uploads\/2017\/12\/pumpkin-anc-chocolate-cake-reducida.jpg?fit=989%2C1200&ssl=1&resize=350%2C200 1x, https:\/\/i0.wp.com\/healthyforkful.com\/wp-content\/uploads\/2017\/12\/pumpkin-anc-chocolate-cake-reducida.jpg?fit=989%2C1200&ssl=1&resize=525%2C300 1.5x, https:\/\/i0.wp.com\/healthyforkful.com\/wp-content\/uploads\/2017\/12\/pumpkin-anc-chocolate-cake-reducida.jpg?fit=989%2C1200&ssl=1&resize=700%2C400 2x"},"classes":[]},{"id":2651,"url":"https:\/\/healthyforkful.com\/es\/tarta-zanahoria-version-mas-saludable\/","url_meta":{"origin":4788,"position":4},"title":"Tarta de Zanahoria en su versi\u00f3n m\u00e1s saludable","author":"Maria","date":"","format":false,"excerpt":"\u00bfAlguna vez has experimentado una pereza enorme para hacer algo o ir a alg\u00fan sitio, pero una vez que lo haces o est\u00e1s all\u00ed, te sientes agradecido de que hayas ido? Estoy pasando unos d\u00edas en mi ciudad natal en Madrid. No s\u00e9 por qu\u00e9, pero un horrible letargo me\u2026","rel":"","context":"En \u00abRecetas\u00bb","block_context":{"text":"Recetas","link":"https:\/\/healthyforkful.com\/es\/category\/recetas\/"},"img":{"alt_text":"Tarta saludable de zanahoria","src":"https:\/\/i0.wp.com\/healthyforkful.com\/wp-content\/uploads\/2017\/09\/Healthier-Carrot-Cake-reducida.jpg?fit=900%2C1200&ssl=1&resize=350%2C200","width":350,"height":200,"srcset":"https:\/\/i0.wp.com\/healthyforkful.com\/wp-content\/uploads\/2017\/09\/Healthier-Carrot-Cake-reducida.jpg?fit=900%2C1200&ssl=1&resize=350%2C200 1x, https:\/\/i0.wp.com\/healthyforkful.com\/wp-content\/uploads\/2017\/09\/Healthier-Carrot-Cake-reducida.jpg?fit=900%2C1200&ssl=1&resize=525%2C300 1.5x, https:\/\/i0.wp.com\/healthyforkful.com\/wp-content\/uploads\/2017\/09\/Healthier-Carrot-Cake-reducida.jpg?fit=900%2C1200&ssl=1&resize=700%2C400 2x"},"classes":[]},{"id":6626,"url":"https:\/\/healthyforkful.com\/es\/nachos-saludables\/","url_meta":{"origin":4788,"position":5},"title":"Nachos Saludables Tex Mex con Queso Vegano","author":"Maria","date":"","format":false,"excerpt":"En caso de duda nachos saludables Tex Mex con queso vegano\ud83d\udc4c\ud83c\udffb Para esos d\u00edas en los que quieres un buen capricho nutritivo sin salir de casa y sin tener que cocinar. Gracias a\u00a0@myfoodxperiences\u00a0\ud83d\udc81\ud83c\udffb\u200d\u2640\ufe0f Capas de crujientes nachos, intercaladas con \ud83c\udf45 fresco troceado, rabanitos y \ud83e\udd51 laminado, cilantro, el preparado para\u2026","rel":"","context":"En \u00abAcompa\u00f1amientos\u00bb","block_context":{"text":"Acompa\u00f1amientos","link":"https:\/\/healthyforkful.com\/es\/category\/acompanamientos\/"},"img":{"alt_text":"Nachos saludables-tex-mex-con-queso-vegano-2","src":"https:\/\/i0.wp.com\/healthyforkful.com\/wp-content\/uploads\/2023\/08\/Nachos-tex-mex-con-queso-vegano-2.jpg?fit=900%2C1200&ssl=1&resize=350%2C200","width":350,"height":200,"srcset":"https:\/\/i0.wp.com\/healthyforkful.com\/wp-content\/uploads\/2023\/08\/Nachos-tex-mex-con-queso-vegano-2.jpg?fit=900%2C1200&ssl=1&resize=350%2C200 1x, https:\/\/i0.wp.com\/healthyforkful.com\/wp-content\/uploads\/2023\/08\/Nachos-tex-mex-con-queso-vegano-2.jpg?fit=900%2C1200&ssl=1&resize=525%2C300 1.5x, https:\/\/i0.wp.com\/healthyforkful.com\/wp-content\/uploads\/2023\/08\/Nachos-tex-mex-con-queso-vegano-2.jpg?fit=900%2C1200&ssl=1&resize=700%2C400 2x"},"classes":[]}],"jetpack_likes_enabled":true,"amp_enabled":true,"_links":{"self":[{"href":"https:\/\/healthyforkful.com\/es\/wp-json\/wp\/v2\/posts\/4788\/"}],"collection":[{"href":"https:\/\/healthyforkful.com\/es\/wp-json\/wp\/v2\/posts\/"}],"about":[{"href":"https:\/\/healthyforkful.com\/es\/wp-json\/wp\/v2\/types\/post\/"}],"author":[{"embeddable":true,"href":"https:\/\/healthyforkful.com\/es\/wp-json\/wp\/v2\/users\/1\/"}],"replies":[{"embeddable":true,"href":"https:\/\/healthyforkful.com\/es\/wp-json\/wp\/v2\/comments\/?post=4788"}],"version-history":[{"count":3,"href":"https:\/\/healthyforkful.com\/es\/wp-json\/wp\/v2\/posts\/4788\/revisions\/"}],"predecessor-version":[{"id":4796,"href":"https:\/\/healthyforkful.com\/es\/wp-json\/wp\/v2\/posts\/4788\/revisions\/4796\/"}],"wp:featuredmedia":[{"embeddable":true,"href":"https:\/\/healthyforkful.com\/es\/wp-json\/wp\/v2\/media\/4792\/"}],"wp:attachment":[{"href":"https:\/\/healthyforkful.com\/es\/wp-json\/wp\/v2\/media\/?parent=4788"}],"wp:term":[{"taxonomy":"category","embeddable":true,"href":"https:\/\/healthyforkful.com\/es\/wp-json\/wp\/v2\/categories\/?post=4788"},{"taxonomy":"post_tag","embeddable":true,"href":"https:\/\/healthyforkful.com\/es\/wp-json\/wp\/v2\/tags\/?post=4788"}],"curies":[{"name":"wp","href":"https:\/\/api.w.org\/{rel}","templated":true}]}}