{"id":4798,"date":"2019-12-22T12:31:40","date_gmt":"2019-12-22T11:31:40","guid":{"rendered":"https:\/\/healthyforkful.com\/?p=4798"},"modified":"2019-12-22T12:31:57","modified_gmt":"2019-12-22T11:31:57","slug":"bizcocho-especiado-con-frutos-del-bosque","status":"publish","type":"post","link":"https:\/\/healthyforkful.com\/es\/bizcocho-especiado-con-frutos-del-bosque\/","title":{"rendered":"Bizcocho especiado con frutos del bosque"},"content":{"rendered":"\n<figure class=\"wp-block-image size-large\"><img fetchpriority=\"high\" decoding=\"async\" width=\"1536\" height=\"2048\" data-attachment-id=\"4818\" data-permalink=\"https:\/\/healthyforkful.com\/es\/bizcocho-especiado-con-frutos-del-bosque\/acs_0004\/\" data-orig-file=\"https:\/\/i0.wp.com\/healthyforkful.com\/wp-content\/uploads\/2019\/12\/ACS_0004-scaled.jpg?fit=1536%2C2048&amp;ssl=1\" data-orig-size=\"1536,2048\" data-comments-opened=\"1\" data-image-meta=\"{&quot;aperture&quot;:&quot;2.2&quot;,&quot;credit&quot;:&quot;&quot;,&quot;camera&quot;:&quot;iPhone SE&quot;,&quot;caption&quot;:&quot;&quot;,&quot;created_timestamp&quot;:&quot;1576856729&quot;,&quot;copyright&quot;:&quot;&quot;,&quot;focal_length&quot;:&quot;4.15&quot;,&quot;iso&quot;:&quot;200&quot;,&quot;shutter_speed&quot;:&quot;0.03030303030303&quot;,&quot;title&quot;:&quot;&quot;,&quot;orientation&quot;:&quot;0&quot;}\" data-image-title=\"ACS_0004\" data-image-description=\"\" data-image-caption=\"\" data-medium-file=\"https:\/\/i0.wp.com\/healthyforkful.com\/wp-content\/uploads\/2019\/12\/ACS_0004-scaled.jpg?fit=225%2C300&amp;ssl=1\" data-large-file=\"https:\/\/i0.wp.com\/healthyforkful.com\/wp-content\/uploads\/2019\/12\/ACS_0004-scaled.jpg?fit=768%2C1024&amp;ssl=1\" src=\"https:\/\/i0.wp.com\/www.healthyforkful.com\/wp-content\/uploads\/2019\/12\/ACS_0004-scaled.jpg?fit=768%2C1024&amp;ssl=1\" alt=\"Bizcocho especiado con frutos del bosque\" class=\"wp-image-4818\" srcset=\"https:\/\/i0.wp.com\/healthyforkful.com\/wp-content\/uploads\/2019\/12\/ACS_0004-scaled.jpg?w=1536&amp;ssl=1 1536w, https:\/\/i0.wp.com\/healthyforkful.com\/wp-content\/uploads\/2019\/12\/ACS_0004-scaled.jpg?resize=225%2C300&amp;ssl=1 225w, https:\/\/i0.wp.com\/healthyforkful.com\/wp-content\/uploads\/2019\/12\/ACS_0004-scaled.jpg?resize=768%2C1024&amp;ssl=1 768w, https:\/\/i0.wp.com\/healthyforkful.com\/wp-content\/uploads\/2019\/12\/ACS_0004-scaled.jpg?resize=1152%2C1536&amp;ssl=1 1152w\" sizes=\"(max-width: 980px) 100vw, 980px\" \/><\/figure>\n\n\n\n<p>Mi madre me ha preguntado hoy por un bizcocho para utilizar un par de pl\u00e1tanos que ten\u00eda en el congelador desde hac\u00eda tiempo. <\/p>\n\n\n\n<p>Le he comentado que hiciese el <a href=\"https:\/\/healthyforkful.com\/es\/bizcocho-saludable-platano\/\" target=\"_blank\" rel=\"noreferrer noopener\" aria-label=\"bizcocho cl\u00e1sico de pl\u00e1tano (opens in a new tab)\">bizcocho cl\u00e1sico de pl\u00e1tano<\/a> que tengo en la web, pero ha dicho que quer\u00eda otro diferente. Uno que llevase pl\u00e1tano pero que no supiese a pl\u00e1tano&#8230; S\u00ed, as\u00ed es mi madre \ud83d\ude1d<\/p>\n\n\n\n<p>Y aunque pueda parecer algo complicado, la verdad que ha sido bastante sencillo. Basta con a\u00f1adir muchas especias y una buena cantidad de frutos del bosque. Y el resultado ha sido \u00a1espectacular!<\/p>\n\n\n\n<figure class=\"wp-block-image size-large\"><img data-recalc-dims=\"1\" decoding=\"async\" width=\"768\" height=\"1024\" data-attachment-id=\"4816\" data-permalink=\"https:\/\/healthyforkful.com\/es\/bizcocho-especiado-con-frutos-del-bosque\/img_6692\/\" data-orig-file=\"https:\/\/i0.wp.com\/healthyforkful.com\/wp-content\/uploads\/2019\/12\/IMG_6692-scaled.jpg?fit=1536%2C2048&amp;ssl=1\" data-orig-size=\"1536,2048\" data-comments-opened=\"1\" data-image-meta=\"{&quot;aperture&quot;:&quot;2.2&quot;,&quot;credit&quot;:&quot;&quot;,&quot;camera&quot;:&quot;iPhone SE&quot;,&quot;caption&quot;:&quot;&quot;,&quot;created_timestamp&quot;:&quot;1576856299&quot;,&quot;copyright&quot;:&quot;&quot;,&quot;focal_length&quot;:&quot;4.15&quot;,&quot;iso&quot;:&quot;80&quot;,&quot;shutter_speed&quot;:&quot;0.03030303030303&quot;,&quot;title&quot;:&quot;&quot;,&quot;orientation&quot;:&quot;0&quot;}\" data-image-title=\"IMG_6692\" data-image-description=\"\" data-image-caption=\"\" data-medium-file=\"https:\/\/i0.wp.com\/healthyforkful.com\/wp-content\/uploads\/2019\/12\/IMG_6692-scaled.jpg?fit=225%2C300&amp;ssl=1\" data-large-file=\"https:\/\/i0.wp.com\/healthyforkful.com\/wp-content\/uploads\/2019\/12\/IMG_6692-scaled.jpg?fit=768%2C1024&amp;ssl=1\" src=\"https:\/\/i0.wp.com\/healthyforkful.com\/wp-content\/uploads\/2019\/12\/IMG_6692.jpg?resize=768%2C1024&#038;ssl=1\" alt=\"\" class=\"wp-image-4816\" srcset=\"https:\/\/i0.wp.com\/healthyforkful.com\/wp-content\/uploads\/2019\/12\/IMG_6692-scaled.jpg?resize=768%2C1024&amp;ssl=1 768w, https:\/\/i0.wp.com\/healthyforkful.com\/wp-content\/uploads\/2019\/12\/IMG_6692-scaled.jpg?resize=225%2C300&amp;ssl=1 225w, https:\/\/i0.wp.com\/healthyforkful.com\/wp-content\/uploads\/2019\/12\/IMG_6692-scaled.jpg?resize=1152%2C1536&amp;ssl=1 1152w, https:\/\/i0.wp.com\/healthyforkful.com\/wp-content\/uploads\/2019\/12\/IMG_6692-scaled.jpg?w=1536&amp;ssl=1 1536w\" sizes=\"(max-width: 768px) 100vw, 768px\" \/><\/figure>\n\n\n\n<figure class=\"wp-block-image size-large\"><img data-recalc-dims=\"1\" decoding=\"async\" width=\"768\" height=\"1024\" data-attachment-id=\"4814\" data-permalink=\"https:\/\/healthyforkful.com\/es\/bizcocho-especiado-con-frutos-del-bosque\/img_6691\/\" data-orig-file=\"https:\/\/i0.wp.com\/healthyforkful.com\/wp-content\/uploads\/2019\/12\/IMG_6691-scaled.jpg?fit=1536%2C2048&amp;ssl=1\" data-orig-size=\"1536,2048\" data-comments-opened=\"1\" data-image-meta=\"{&quot;aperture&quot;:&quot;2.2&quot;,&quot;credit&quot;:&quot;&quot;,&quot;camera&quot;:&quot;iPhone SE&quot;,&quot;caption&quot;:&quot;&quot;,&quot;created_timestamp&quot;:&quot;1576856351&quot;,&quot;copyright&quot;:&quot;&quot;,&quot;focal_length&quot;:&quot;4.15&quot;,&quot;iso&quot;:&quot;200&quot;,&quot;shutter_speed&quot;:&quot;0.03030303030303&quot;,&quot;title&quot;:&quot;&quot;,&quot;orientation&quot;:&quot;0&quot;}\" data-image-title=\"IMG_6691\" data-image-description=\"\" data-image-caption=\"\" data-medium-file=\"https:\/\/i0.wp.com\/healthyforkful.com\/wp-content\/uploads\/2019\/12\/IMG_6691-scaled.jpg?fit=225%2C300&amp;ssl=1\" data-large-file=\"https:\/\/i0.wp.com\/healthyforkful.com\/wp-content\/uploads\/2019\/12\/IMG_6691-scaled.jpg?fit=768%2C1024&amp;ssl=1\" src=\"https:\/\/i0.wp.com\/healthyforkful.com\/wp-content\/uploads\/2019\/12\/IMG_6691.jpg?resize=768%2C1024&#038;ssl=1\" alt=\"\" class=\"wp-image-4814\" srcset=\"https:\/\/i0.wp.com\/healthyforkful.com\/wp-content\/uploads\/2019\/12\/IMG_6691-scaled.jpg?resize=768%2C1024&amp;ssl=1 768w, https:\/\/i0.wp.com\/healthyforkful.com\/wp-content\/uploads\/2019\/12\/IMG_6691-scaled.jpg?resize=225%2C300&amp;ssl=1 225w, https:\/\/i0.wp.com\/healthyforkful.com\/wp-content\/uploads\/2019\/12\/IMG_6691-scaled.jpg?resize=1152%2C1536&amp;ssl=1 1152w, https:\/\/i0.wp.com\/healthyforkful.com\/wp-content\/uploads\/2019\/12\/IMG_6691-scaled.jpg?w=1536&amp;ssl=1 1536w\" sizes=\"(max-width: 768px) 100vw, 768px\" \/><\/figure>\n\n\n<div id=\"recipe\"><\/div><div id=\"wprm-recipe-container-4799\" class=\"wprm-recipe-container\" data-recipe-id=\"4799\" data-servings=\"0\"><div class=\"wprm-recipe wprm-recipe-tastefully-simple\">\n\t<div class=\"wprm-recipe-image-container\">\n\t\t\t\t<div class=\"wprm-recipe-image\"><img loading=\"lazy\" decoding=\"async\" width=\"150\" height=\"150\" src=\"https:\/\/i0.wp.com\/healthyforkful.com\/wp-content\/uploads\/2019\/12\/IMG_6689-scaled.jpg?resize=150%2C150&amp;ssl=1\" class=\"attachment-thumbnail size-thumbnail\" alt=\"\" srcset=\"https:\/\/i0.wp.com\/healthyforkful.com\/wp-content\/uploads\/2019\/12\/IMG_6689-scaled.jpg?resize=150%2C150&amp;ssl=1 150w, https:\/\/i0.wp.com\/healthyforkful.com\/wp-content\/uploads\/2019\/12\/IMG_6689-scaled.jpg?resize=500%2C500&amp;ssl=1 500w, https:\/\/i0.wp.com\/healthyforkful.com\/wp-content\/uploads\/2019\/12\/IMG_6689-scaled.jpg?resize=320%2C320&amp;ssl=1 320w, https:\/\/i0.wp.com\/healthyforkful.com\/wp-content\/uploads\/2019\/12\/IMG_6689-scaled.jpg?zoom=3&amp;resize=150%2C150&amp;ssl=1 450w\" sizes=\"(max-width: 150px) 100vw, 150px\" data-attachment-id=\"4805\" data-permalink=\"https:\/\/healthyforkful.com\/es\/bizcocho-especiado-con-frutos-del-bosque\/img_6689\/\" data-orig-file=\"https:\/\/i0.wp.com\/healthyforkful.com\/wp-content\/uploads\/2019\/12\/IMG_6689-scaled.jpg?fit=1536%2C2048&amp;ssl=1\" data-orig-size=\"1536,2048\" data-comments-opened=\"1\" data-image-meta=\"{&quot;aperture&quot;:&quot;2.2&quot;,&quot;credit&quot;:&quot;&quot;,&quot;camera&quot;:&quot;iPhone SE&quot;,&quot;caption&quot;:&quot;&quot;,&quot;created_timestamp&quot;:&quot;1576855351&quot;,&quot;copyright&quot;:&quot;&quot;,&quot;focal_length&quot;:&quot;4.15&quot;,&quot;iso&quot;:&quot;200&quot;,&quot;shutter_speed&quot;:&quot;0.03030303030303&quot;,&quot;title&quot;:&quot;&quot;,&quot;orientation&quot;:&quot;0&quot;}\" data-image-title=\"IMG_6689\" data-image-description=\"\" data-image-caption=\"\" data-medium-file=\"https:\/\/i0.wp.com\/healthyforkful.com\/wp-content\/uploads\/2019\/12\/IMG_6689-scaled.jpg?fit=225%2C300&amp;ssl=1\" data-large-file=\"https:\/\/i0.wp.com\/healthyforkful.com\/wp-content\/uploads\/2019\/12\/IMG_6689-scaled.jpg?fit=768%2C1024&amp;ssl=1\" \/><\/div>\n\t\t<div class=\"wprm-recipe-buttons\">\n\t\t\t<a href=\"https:\/\/healthyforkful.com\/es\/wprm_print\/bizcocho-especiado-con-frutos-del-bosque\" class=\"wprm-recipe-print wprm-color-accent\" target=\"_blank\" rel=\"nofollow\">Imprimir<\/a>\n\t\t<\/div>\n\t<\/div>\n\t<div class=\"wprm-recipe-name wprm-color-header\">Bizcocho especiado con frutos del bosque<\/div>\n\t\t<div class=\"wprm-recipe-summary\">\n\t\t\t<\/div>\n\t<div class=\"wprm-recipe-details-container\">\n\t\t\t\t\t<div class=\"wprm-recipe-course-container\">\n\t\t\t\t<span class=\"wprm-recipe-details-name wprm-recipe-course-name\">Plato:<\/span>\n\t\t\t\t<span class=\"wprm-recipe-course\">\n\t\t\t\t\tDesayuno, Postre\t\t\t\t<\/span>\n\t\t\t<\/div>\n\t\t\t\t\t<div class=\"wprm-recipe-keyword-container\">\n\t\t\t\t<span class=\"wprm-recipe-details-name wprm-recipe-keyword-name\">Keyword:<\/span>\n\t\t\t\t<span class=\"wprm-recipe-keyword\">\n\t\t\t\t\tdulce, frutos del bosque, platano, yogur\t\t\t\t<\/span>\n\t\t\t<\/div>\n\t\t\t\t\t\t\t\t\t<\/div>\n\n\t\t<div class=\"wprm-recipe-ingredients-container\">\n\t\t<div class=\"wprm-recipe-header wprm-color-header\">Ingredientes<\/div>\n\t\t\t\t<div class=\"wprm-recipe-ingredient-group\">\n\t\t\t\t\t\t<ul class=\"wprm-recipe-ingredients\">\n\t\t\t\t\t\t\t\t<li class=\"wprm-recipe-ingredient\">\n\t\t\t\t\t\t\t\t\t\t<span class=\"wprm-recipe-ingredient-amount\">90<\/span>\n\t\t\t\t\t\t\t\t\t\t\t\t\t\t\t<span class=\"wprm-recipe-ingredient-unit\">gr<\/span>\n\t\t\t\t\t\t\t\t\t\t<span class=\"wprm-recipe-ingredient-name\">harina de espelta<\/span>\n\t\t\t\t\t\t\t\t\t\t<span class=\"wprm-recipe-ingredient-notes\">o avena o copos de avena triturados<\/span>\n\t\t\t\t\t\t\t\t\t<\/li>\n\t\t\t\t\t\t\t\t<li class=\"wprm-recipe-ingredient\">\n\t\t\t\t\t\t\t\t\t\t<span class=\"wprm-recipe-ingredient-amount\">100<\/span>\n\t\t\t\t\t\t\t\t\t\t\t\t\t\t\t<span class=\"wprm-recipe-ingredient-unit\">gr<\/span>\n\t\t\t\t\t\t\t\t\t\t<span class=\"wprm-recipe-ingredient-name\">almendra molida<\/span>\n\t\t\t\t\t\t\t\t\t<\/li>\n\t\t\t\t\t\t\t\t<li class=\"wprm-recipe-ingredient\">\n\t\t\t\t\t\t\t\t\t\t<span class=\"wprm-recipe-ingredient-amount\">135<\/span>\n\t\t\t\t\t\t\t\t\t\t\t\t\t\t\t<span class=\"wprm-recipe-ingredient-unit\">gr<\/span>\n\t\t\t\t\t\t\t\t\t\t<span class=\"wprm-recipe-ingredient-name\">harina de arroz<\/span>\n\t\t\t\t\t\t\t\t\t<\/li>\n\t\t\t\t\t\t\t\t<li class=\"wprm-recipe-ingredient\">\n\t\t\t\t\t\t\t\t\t\t<span class=\"wprm-recipe-ingredient-amount\">2<\/span>\n\t\t\t\t\t\t\t\t\t\t\t\t\t\t\t<span class=\"wprm-recipe-ingredient-unit\">cucharaditas<\/span>\n\t\t\t\t\t\t\t\t\t\t<span class=\"wprm-recipe-ingredient-name\">levadura<\/span>\n\t\t\t\t\t\t\t\t\t<\/li>\n\t\t\t\t\t\t\t\t<li class=\"wprm-recipe-ingredient\">\n\t\t\t\t\t\t\t\t\t\t<span class=\"wprm-recipe-ingredient-amount\">1<\/span>\n\t\t\t\t\t\t\t\t\t\t\t\t\t\t\t<span class=\"wprm-recipe-ingredient-unit\">cucharada<\/span>\n\t\t\t\t\t\t\t\t\t\t<span class=\"wprm-recipe-ingredient-name\">canela molida<\/span>\n\t\t\t\t\t\t\t\t\t<\/li>\n\t\t\t\t\t\t\t\t<li class=\"wprm-recipe-ingredient\">\n\t\t\t\t\t\t\t\t\t\t<span class=\"wprm-recipe-ingredient-amount\">2<\/span>\n\t\t\t\t\t\t\t\t\t\t\t\t\t\t\t<span class=\"wprm-recipe-ingredient-unit\">cucharaditas<\/span>\n\t\t\t\t\t\t\t\t\t\t<span class=\"wprm-recipe-ingredient-name\">cardamomo molido<\/span>\n\t\t\t\t\t\t\t\t\t\t<span class=\"wprm-recipe-ingredient-notes\">unos 6-8<\/span>\n\t\t\t\t\t\t\t\t\t<\/li>\n\t\t\t\t\t\t\t\t<li class=\"wprm-recipe-ingredient\">\n\t\t\t\t\t\t\t\t\t\t<span class=\"wprm-recipe-ingredient-amount\">2<\/span>\n\t\t\t\t\t\t\t\t\t\t\t\t\t\t\t<span class=\"wprm-recipe-ingredient-unit\">cucharaditas <\/span>\n\t\t\t\t\t\t\t\t\t\t<span class=\"wprm-recipe-ingredient-name\">jengibre molido<\/span>\n\t\t\t\t\t\t\t\t\t<\/li>\n\t\t\t\t\t\t\t\t<li class=\"wprm-recipe-ingredient\">\n\t\t\t\t\t\t\t\t\t\t<span class=\"wprm-recipe-ingredient-amount\">1\/2<\/span>\n\t\t\t\t\t\t\t\t\t\t\t\t\t\t\t<span class=\"wprm-recipe-ingredient-unit\">cucharadita <\/span>\n\t\t\t\t\t\t\t\t\t\t<span class=\"wprm-recipe-ingredient-name\">clavo molido<\/span>\n\t\t\t\t\t\t\t\t\t\t<span class=\"wprm-recipe-ingredient-notes\">o la bolita de 2 clavos<\/span>\n\t\t\t\t\t\t\t\t\t<\/li>\n\t\t\t\t\t\t\t\t<li class=\"wprm-recipe-ingredient\">\n\t\t\t\t\t\t\t\t\t\t<span class=\"wprm-recipe-ingredient-amount\">2<\/span>\n\t\t\t\t\t\t\t\t\t\t\t\t\t\t\t<span class=\"wprm-recipe-ingredient-name\">pl\u00e1tanos muy maduros<\/span>\n\t\t\t\t\t\t\t\t\t<\/li>\n\t\t\t\t\t\t\t\t<li class=\"wprm-recipe-ingredient\">\n\t\t\t\t\t\t\t\t\t\t<span class=\"wprm-recipe-ingredient-amount\">125<\/span>\n\t\t\t\t\t\t\t\t\t\t\t\t\t\t\t<span class=\"wprm-recipe-ingredient-unit\">ml <\/span>\n\t\t\t\t\t\t\t\t\t\t<span class=\"wprm-recipe-ingredient-name\">miel<\/span>\n\t\t\t\t\t\t\t\t\t<\/li>\n\t\t\t\t\t\t\t\t<li class=\"wprm-recipe-ingredient\">\n\t\t\t\t\t\t\t\t\t\t<span class=\"wprm-recipe-ingredient-amount\">3<\/span>\n\t\t\t\t\t\t\t\t\t\t\t\t\t\t\t<span class=\"wprm-recipe-ingredient-name\">huevos<\/span>\n\t\t\t\t\t\t\t\t\t<\/li>\n\t\t\t\t\t\t\t\t<li class=\"wprm-recipe-ingredient\">\n\t\t\t\t\t\t\t\t\t\t<span class=\"wprm-recipe-ingredient-amount\">125<\/span>\n\t\t\t\t\t\t\t\t\t\t\t\t\t\t\t<span class=\"wprm-recipe-ingredient-unit\">ml<\/span>\n\t\t\t\t\t\t\t\t\t\t<span class=\"wprm-recipe-ingredient-name\">aceite de oliva<\/span>\n\t\t\t\t\t\t\t\t\t<\/li>\n\t\t\t\t\t\t\t\t<li class=\"wprm-recipe-ingredient\">\n\t\t\t\t\t\t\t\t\t\t<span class=\"wprm-recipe-ingredient-amount\">200<\/span>\n\t\t\t\t\t\t\t\t\t\t\t\t\t\t\t<span class=\"wprm-recipe-ingredient-unit\">ml<\/span>\n\t\t\t\t\t\t\t\t\t\t<span class=\"wprm-recipe-ingredient-name\">yogur natural<\/span>\n\t\t\t\t\t\t\t\t\t<\/li>\n\t\t\t\t\t\t\t\t<li class=\"wprm-recipe-ingredient\">\n\t\t\t\t\t\t\t\t\t\t<span class=\"wprm-recipe-ingredient-amount\">120<\/span>\n\t\t\t\t\t\t\t\t\t\t\t\t\t\t\t<span class=\"wprm-recipe-ingredient-unit\">gr<\/span>\n\t\t\t\t\t\t\t\t\t\t<span class=\"wprm-recipe-ingredient-name\">frutos del bosque<\/span>\n\t\t\t\t\t\t\t\t\t<\/li>\n\t\t\t\t\t\t\t\t<li class=\"wprm-recipe-ingredient\">\n\t\t\t\t\t\t\t\t\t\t<span class=\"wprm-recipe-ingredient-amount\">3<\/span>\n\t\t\t\t\t\t\t\t\t\t\t\t\t\t\t<span class=\"wprm-recipe-ingredient-unit\">cucharadas<\/span>\n\t\t\t\t\t\t\t\t\t\t<span class=\"wprm-recipe-ingredient-name\">salsa de frutos del bosque<\/span>\n\t\t\t\t\t\t\t\t\t\t<span class=\"wprm-recipe-ingredient-notes\">estilo mermelada pero sin az\u00facar<\/span>\n\t\t\t\t\t\t\t\t\t<\/li>\n\t\t\t\t\t\t\t<\/ul>\n\t\t<\/div>\n\t \t \t<\/div>\n\t\t\t<div class=\"wprm-recipe-instructions-container\">\n\t\t<div class=\"wprm-recipe-header wprm-color-header\">Elaboraci\u00f3n paso a paso<\/div>\n\t\t\t\t<div class=\"wprm-recipe-instruction-group\">\n\t\t\t\t\t\t<ol class=\"wprm-recipe-instructions\">\n\t\t\t\t\t\t\t\t<li class=\"wprm-recipe-instruction\">\n\t\t\t\t\t\t\t\t\t\t<div class=\"wprm-recipe-instruction-text\"><p>Precalienta el horno a 170\u00baC. Forra con papel de horno el molde, tanto la base como los laterales.<\/p><\/div>\n\t\t\t\t\t\t\t\t\t\t\t\t\t\t<\/li>\n\t\t\t\t\t\t\t\t<li class=\"wprm-recipe-instruction\">\n\t\t\t\t\t\t\t\t\t\t<div class=\"wprm-recipe-instruction-text\"><p>En un bol mezcla todos los ingredientes secos.<\/p><\/div>\n\t\t\t\t\t\t\t\t\t\t\t\t\t\t<\/li>\n\t\t\t\t\t\t\t\t<li class=\"wprm-recipe-instruction\">\n\t\t\t\t\t\t\t\t\t\t<div class=\"wprm-recipe-instruction-text\"><p>En otro bol tritura los pl\u00e1tanos y m\u00e9zclalos con el resto de ingredientes h\u00famedos, excepto los frutos del bosque y la salsa de frutos del bosque. Agr\u00e9galo a la mezcla de las harinas. Da vueltas hasta que obtengas una masa homog\u00e9nea.<\/p><\/div>\n\t\t\t\t\t\t\t\t\t\t\t\t\t\t<\/li>\n\t\t\t\t\t\t\t\t<li class=\"wprm-recipe-instruction\">\n\t\t\t\t\t\t\t\t\t\t<div class=\"wprm-recipe-instruction-text\"><p>Vierte la mezcla sobre el molde preparado. Esparce los frutos del bosque por encima y pon encima las tres cucharadas de salsa. Con una cuchara, da un par de vueltas para que quede  efecto swirls o como marmolado. <\/p><\/div>\n\t\t\t\t\t\t\t\t\t\t\t\t\t\t<\/li>\n\t\t\t\t\t\t\t\t<li class=\"wprm-recipe-instruction\">\n\t\t\t\t\t\t\t\t\t\t<div class=\"wprm-recipe-instruction-text\"><p>Hornea unos 30-45 minutos hasta que cuando pinches el centro con un palillo salga limpio.<\/p><\/div>\n\t\t\t\t\t\t\t\t\t\t\t\t\t\t<\/li>\n\t\t\t\t\t\t\t\t<li class=\"wprm-recipe-instruction\">\n\t\t\t\t\t\t\t\t\t\t<div class=\"wprm-recipe-instruction-text\"><p>Deja enfriar en el molde unos 10 minutos antes de desmoldarlo.<\/p><\/div>\n\t\t\t\t\t\t\t\t\t\t\t\t\t\t<\/li>\n\t\t\t\t\t\t\t\t<li class=\"wprm-recipe-instruction\">\n\t\t\t\t\t\t\t\t\t\t<div class=\"wprm-recipe-instruction-text\"><p>Sirve con yogur y m\u00e1s salsa de frutos del bosque.<\/p><\/div>\n\t\t\t\t\t\t\t\t\t\t\t\t\t\t<\/li>\n\t\t\t\t\t\t\t<\/ol>\n\t\t<\/div>\n\t\t\t<\/div>\n\t\t\t\t<\/div>\n<\/div><!-- AddThis Advanced Settings generic via filter on the_content --><!-- AddThis Share Buttons generic via filter on the_content -->","protected":false},"excerpt":{"rendered":"<p>Mi madre me ha preguntado hoy por un bizcocho para utilizar un par de pl\u00e1tanos que ten\u00eda en el congelador desde hac\u00eda tiempo. Le he comentado que hiciese el bizcocho cl\u00e1sico de pl\u00e1tano que tengo en la web, pero ha dicho que quer\u00eda otro diferente. Uno que llevase pl\u00e1tano pero que no supiese a pl\u00e1tano&#8230;&#8230;<!-- AddThis Advanced Settings generic via filter on get_the_excerpt --><!-- AddThis Share Buttons generic via filter on get_the_excerpt --><\/p>\n<p><a class=\"more-link\" href=\"https:\/\/healthyforkful.com\/es\/bizcocho-especiado-con-frutos-del-bosque\/\">Read More<\/a><\/p>","protected":false},"author":1,"featured_media":4805,"comment_status":"open","ping_status":"open","sticky":false,"template":"","format":"standard","meta":{"wprm-recipe-roundup-name":"","wprm-recipe-roundup-description":"","_monsterinsights_skip_tracking":false,"_monsterinsights_sitenote_active":false,"_monsterinsights_sitenote_note":"","_monsterinsights_sitenote_category":0,"_genesis_hide_title":false,"_genesis_hide_breadcrumbs":false,"_genesis_hide_singular_image":false,"_genesis_hide_footer_widgets":false,"_genesis_custom_body_class":"","_genesis_custom_post_class":"","_genesis_layout":"","jetpack_post_was_ever_published":false,"_jetpack_newsletter_access":"","_jetpack_dont_email_post_to_subs":false,"_jetpack_newsletter_tier_id":0,"_jetpack_memberships_contains_paywalled_content":false,"_jetpack_memberships_contains_paid_content":false,"footnotes":"","jetpack_publicize_message":"","jetpack_publicize_feature_enabled":true,"jetpack_social_post_already_shared":true,"jetpack_social_options":{"image_generator_settings":{"template":"highway","default_image_id":0,"font":"","enabled":false},"version":2}},"categories":[833,827,831,827,839,839,841,841,831],"tags":[2149,1644,2370,2591,2371],"class_list":{"0":"post-4798","1":"post","2":"type-post","3":"status-publish","4":"format-standard","5":"has-post-thumbnail","7":"category-snacks","8":"category-desayunos-y-brunch","9":"category-tartas-y-postres","11":"category-muffins-y-bizcochos","13":"category-recetas","16":"tag-dulces","17":"tag-especias","18":"tag-frutos-del-bosque","19":"tag-platano-es","20":"tag-yogur","21":"entry"},"yoast_head":"<!-- This site is optimized with the Yoast SEO plugin v26.8 - https:\/\/yoast.com\/product\/yoast-seo-wordpress\/ -->\n<title>Bizcocho especiado con frutos del bosque - Healthy Forkful<\/title>\n<meta name=\"description\" content=\"Bizcocho especiado con frutos del bosque es super jugoso y f\u00e1cil de hacer. Adem\u00e1s de estar riqu\u00edsimo y aportarte nutrientes buenos para tu organismo.\" \/>\n<meta name=\"robots\" content=\"index, follow, max-snippet:-1, max-image-preview:large, max-video-preview:-1\" \/>\n<link rel=\"canonical\" href=\"https:\/\/healthyforkful.com\/es\/bizcocho-especiado-con-frutos-del-bosque\/\" \/>\n<meta property=\"og:locale\" content=\"es_ES\" \/>\n<meta property=\"og:type\" content=\"article\" \/>\n<meta property=\"og:title\" content=\"Bizcocho especiado con frutos del bosque - Healthy Forkful\" \/>\n<meta property=\"og:description\" content=\"Bizcocho especiado con frutos del bosque es super jugoso y f\u00e1cil de hacer. Adem\u00e1s de estar riqu\u00edsimo y aportarte nutrientes buenos para tu organismo.\" \/>\n<meta property=\"og:url\" content=\"https:\/\/healthyforkful.com\/es\/bizcocho-especiado-con-frutos-del-bosque\/\" \/>\n<meta property=\"og:site_name\" content=\"Healthy Forkful\" \/>\n<meta property=\"article:publisher\" content=\"www.facebook.com\/healthyforkful\" \/>\n<meta property=\"article:author\" content=\"www.facebook.com\/healthyforkful\" \/>\n<meta property=\"article:published_time\" content=\"2019-12-22T11:31:40+00:00\" \/>\n<meta property=\"article:modified_time\" content=\"2019-12-22T11:31:57+00:00\" \/>\n<meta property=\"og:image\" content=\"https:\/\/i0.wp.com\/www.healthyforkful.com\/wp-content\/uploads\/2019\/12\/IMG_6689-scaled.jpg?fit=1536%2C2048&ssl=1\" \/>\n\t<meta property=\"og:image:width\" content=\"1536\" \/>\n\t<meta property=\"og:image:height\" content=\"2048\" \/>\n\t<meta property=\"og:image:type\" content=\"image\/jpeg\" \/>\n<meta name=\"author\" content=\"Maria\" \/>\n<meta name=\"twitter:card\" content=\"summary_large_image\" \/>\n<meta name=\"twitter:creator\" content=\"@healthyforkful\" \/>\n<meta name=\"twitter:site\" content=\"@healthyforkful\" \/>\n<meta name=\"twitter:label1\" content=\"Escrito por\" \/>\n\t<meta name=\"twitter:data1\" content=\"Maria\" \/>\n\t<meta name=\"twitter:label2\" content=\"Tiempo de lectura\" \/>\n\t<meta name=\"twitter:data2\" content=\"2 minutos\" \/>\n<script type=\"application\/ld+json\" class=\"yoast-schema-graph\">{\"@context\":\"https:\/\/schema.org\",\"@graph\":[{\"@type\":\"Article\",\"@id\":\"https:\/\/healthyforkful.com\/es\/bizcocho-especiado-con-frutos-del-bosque\/#article\",\"isPartOf\":{\"@id\":\"https:\/\/healthyforkful.com\/es\/bizcocho-especiado-con-frutos-del-bosque\/\"},\"author\":{\"name\":\"Maria\",\"@id\":\"https:\/\/healthyforkful.com\/#\/schema\/person\/36d13024a9c2682528a14123f097fb96\"},\"headline\":\"Bizcocho especiado con frutos del bosque\",\"datePublished\":\"2019-12-22T11:31:40+00:00\",\"dateModified\":\"2019-12-22T11:31:57+00:00\",\"mainEntityOfPage\":{\"@id\":\"https:\/\/healthyforkful.com\/es\/bizcocho-especiado-con-frutos-del-bosque\/\"},\"wordCount\":328,\"commentCount\":0,\"publisher\":{\"@id\":\"https:\/\/healthyforkful.com\/#\/schema\/person\/36d13024a9c2682528a14123f097fb96\"},\"image\":{\"@id\":\"https:\/\/healthyforkful.com\/es\/bizcocho-especiado-con-frutos-del-bosque\/#primaryimage\"},\"thumbnailUrl\":\"https:\/\/i0.wp.com\/healthyforkful.com\/wp-content\/uploads\/2019\/12\/IMG_6689-scaled.jpg?fit=1536%2C2048&ssl=1\",\"keywords\":[\"dulces\",\"especias\",\"frutos del bosque\",\"platano\",\"yogur\"],\"articleSection\":[\"Snacks\",\"Desayunos y Brunch\",\"Tartas y Postres\",\"Desayunos y Brunch\",\"Muffins y Bizcochos\",\"Muffins y Bizcochos\",\"Recetas\",\"Recetas\",\"Tartas y Postres\"],\"inLanguage\":\"es\",\"potentialAction\":[{\"@type\":\"CommentAction\",\"name\":\"Comment\",\"target\":[\"https:\/\/healthyforkful.com\/es\/bizcocho-especiado-con-frutos-del-bosque\/#respond\"]}]},{\"@type\":\"WebPage\",\"@id\":\"https:\/\/healthyforkful.com\/es\/bizcocho-especiado-con-frutos-del-bosque\/\",\"url\":\"https:\/\/healthyforkful.com\/es\/bizcocho-especiado-con-frutos-del-bosque\/\",\"name\":\"Bizcocho especiado con frutos del bosque - Healthy Forkful\",\"isPartOf\":{\"@id\":\"https:\/\/healthyforkful.com\/#website\"},\"primaryImageOfPage\":{\"@id\":\"https:\/\/healthyforkful.com\/es\/bizcocho-especiado-con-frutos-del-bosque\/#primaryimage\"},\"image\":{\"@id\":\"https:\/\/healthyforkful.com\/es\/bizcocho-especiado-con-frutos-del-bosque\/#primaryimage\"},\"thumbnailUrl\":\"https:\/\/i0.wp.com\/healthyforkful.com\/wp-content\/uploads\/2019\/12\/IMG_6689-scaled.jpg?fit=1536%2C2048&ssl=1\",\"datePublished\":\"2019-12-22T11:31:40+00:00\",\"dateModified\":\"2019-12-22T11:31:57+00:00\",\"description\":\"Bizcocho especiado con frutos del bosque es super jugoso y f\u00e1cil de hacer. Adem\u00e1s de estar riqu\u00edsimo y aportarte nutrientes buenos para tu organismo.\",\"breadcrumb\":{\"@id\":\"https:\/\/healthyforkful.com\/es\/bizcocho-especiado-con-frutos-del-bosque\/#breadcrumb\"},\"inLanguage\":\"es\",\"potentialAction\":[{\"@type\":\"ReadAction\",\"target\":[\"https:\/\/healthyforkful.com\/es\/bizcocho-especiado-con-frutos-del-bosque\/\"]}]},{\"@type\":\"ImageObject\",\"inLanguage\":\"es\",\"@id\":\"https:\/\/healthyforkful.com\/es\/bizcocho-especiado-con-frutos-del-bosque\/#primaryimage\",\"url\":\"https:\/\/i0.wp.com\/healthyforkful.com\/wp-content\/uploads\/2019\/12\/IMG_6689-scaled.jpg?fit=1536%2C2048&ssl=1\",\"contentUrl\":\"https:\/\/i0.wp.com\/healthyforkful.com\/wp-content\/uploads\/2019\/12\/IMG_6689-scaled.jpg?fit=1536%2C2048&ssl=1\",\"width\":1536,\"height\":2048},{\"@type\":\"BreadcrumbList\",\"@id\":\"https:\/\/healthyforkful.com\/es\/bizcocho-especiado-con-frutos-del-bosque\/#breadcrumb\",\"itemListElement\":[{\"@type\":\"ListItem\",\"position\":1,\"name\":\"Home\",\"item\":\"https:\/\/healthyforkful.com\/es\/\"},{\"@type\":\"ListItem\",\"position\":2,\"name\":\"Recetas\",\"item\":\"https:\/\/healthyforkful.com\/es\/category\/recetas\/\"},{\"@type\":\"ListItem\",\"position\":3,\"name\":\"Bizcocho especiado con frutos del bosque\"}]},{\"@type\":\"WebSite\",\"@id\":\"https:\/\/healthyforkful.com\/#website\",\"url\":\"https:\/\/healthyforkful.com\/\",\"name\":\"Healthy Forkful\",\"description\":\"Recetas nutritivas y deliciosas \",\"publisher\":{\"@id\":\"https:\/\/healthyforkful.com\/#\/schema\/person\/36d13024a9c2682528a14123f097fb96\"},\"potentialAction\":[{\"@type\":\"SearchAction\",\"target\":{\"@type\":\"EntryPoint\",\"urlTemplate\":\"https:\/\/healthyforkful.com\/?s={search_term_string}\"},\"query-input\":{\"@type\":\"PropertyValueSpecification\",\"valueRequired\":true,\"valueName\":\"search_term_string\"}}],\"inLanguage\":\"es\"},{\"@type\":[\"Person\",\"Organization\"],\"@id\":\"https:\/\/healthyforkful.com\/#\/schema\/person\/36d13024a9c2682528a14123f097fb96\",\"name\":\"Maria\",\"image\":{\"@type\":\"ImageObject\",\"inLanguage\":\"es\",\"@id\":\"https:\/\/healthyforkful.com\/#\/schema\/person\/image\/\",\"url\":\"https:\/\/i0.wp.com\/www.healthyforkful.com\/wp-content\/uploads\/2017\/11\/Maria-Llamas.jpg?fit=200%2C200&ssl=1\",\"contentUrl\":\"https:\/\/i0.wp.com\/www.healthyforkful.com\/wp-content\/uploads\/2017\/11\/Maria-Llamas.jpg?fit=200%2C200&ssl=1\",\"width\":200,\"height\":200,\"caption\":\"Maria\"},\"logo\":{\"@id\":\"https:\/\/healthyforkful.com\/#\/schema\/person\/image\/\"},\"sameAs\":[\"https:\/\/healthyforkful.com\/\",\"www.facebook.com\/healthyforkful\"]}]}<\/script>\n<!-- \/ Yoast SEO plugin. -->","yoast_head_json":{"title":"Bizcocho especiado con frutos del bosque - Healthy Forkful","description":"Bizcocho especiado con frutos del bosque es super jugoso y f\u00e1cil de hacer. Adem\u00e1s de estar riqu\u00edsimo y aportarte nutrientes buenos para tu organismo.","robots":{"index":"index","follow":"follow","max-snippet":"max-snippet:-1","max-image-preview":"max-image-preview:large","max-video-preview":"max-video-preview:-1"},"canonical":"https:\/\/healthyforkful.com\/es\/bizcocho-especiado-con-frutos-del-bosque\/","og_locale":"es_ES","og_type":"article","og_title":"Bizcocho especiado con frutos del bosque - Healthy Forkful","og_description":"Bizcocho especiado con frutos del bosque es super jugoso y f\u00e1cil de hacer. Adem\u00e1s de estar riqu\u00edsimo y aportarte nutrientes buenos para tu organismo.","og_url":"https:\/\/healthyforkful.com\/es\/bizcocho-especiado-con-frutos-del-bosque\/","og_site_name":"Healthy Forkful","article_publisher":"www.facebook.com\/healthyforkful","article_author":"www.facebook.com\/healthyforkful","article_published_time":"2019-12-22T11:31:40+00:00","article_modified_time":"2019-12-22T11:31:57+00:00","og_image":[{"width":1536,"height":2048,"url":"https:\/\/i0.wp.com\/www.healthyforkful.com\/wp-content\/uploads\/2019\/12\/IMG_6689-scaled.jpg?fit=1536%2C2048&ssl=1","type":"image\/jpeg"}],"author":"Maria","twitter_card":"summary_large_image","twitter_creator":"@healthyforkful","twitter_site":"@healthyforkful","twitter_misc":{"Escrito por":"Maria","Tiempo de lectura":"2 minutos"},"schema":{"@context":"https:\/\/schema.org","@graph":[{"@type":"Article","@id":"https:\/\/healthyforkful.com\/es\/bizcocho-especiado-con-frutos-del-bosque\/#article","isPartOf":{"@id":"https:\/\/healthyforkful.com\/es\/bizcocho-especiado-con-frutos-del-bosque\/"},"author":{"name":"Maria","@id":"https:\/\/healthyforkful.com\/#\/schema\/person\/36d13024a9c2682528a14123f097fb96"},"headline":"Bizcocho especiado con frutos del bosque","datePublished":"2019-12-22T11:31:40+00:00","dateModified":"2019-12-22T11:31:57+00:00","mainEntityOfPage":{"@id":"https:\/\/healthyforkful.com\/es\/bizcocho-especiado-con-frutos-del-bosque\/"},"wordCount":328,"commentCount":0,"publisher":{"@id":"https:\/\/healthyforkful.com\/#\/schema\/person\/36d13024a9c2682528a14123f097fb96"},"image":{"@id":"https:\/\/healthyforkful.com\/es\/bizcocho-especiado-con-frutos-del-bosque\/#primaryimage"},"thumbnailUrl":"https:\/\/i0.wp.com\/healthyforkful.com\/wp-content\/uploads\/2019\/12\/IMG_6689-scaled.jpg?fit=1536%2C2048&ssl=1","keywords":["dulces","especias","frutos del bosque","platano","yogur"],"articleSection":["Snacks","Desayunos y Brunch","Tartas y Postres","Desayunos y Brunch","Muffins y Bizcochos","Muffins y Bizcochos","Recetas","Recetas","Tartas y Postres"],"inLanguage":"es","potentialAction":[{"@type":"CommentAction","name":"Comment","target":["https:\/\/healthyforkful.com\/es\/bizcocho-especiado-con-frutos-del-bosque\/#respond"]}]},{"@type":"WebPage","@id":"https:\/\/healthyforkful.com\/es\/bizcocho-especiado-con-frutos-del-bosque\/","url":"https:\/\/healthyforkful.com\/es\/bizcocho-especiado-con-frutos-del-bosque\/","name":"Bizcocho especiado con frutos del bosque - Healthy Forkful","isPartOf":{"@id":"https:\/\/healthyforkful.com\/#website"},"primaryImageOfPage":{"@id":"https:\/\/healthyforkful.com\/es\/bizcocho-especiado-con-frutos-del-bosque\/#primaryimage"},"image":{"@id":"https:\/\/healthyforkful.com\/es\/bizcocho-especiado-con-frutos-del-bosque\/#primaryimage"},"thumbnailUrl":"https:\/\/i0.wp.com\/healthyforkful.com\/wp-content\/uploads\/2019\/12\/IMG_6689-scaled.jpg?fit=1536%2C2048&ssl=1","datePublished":"2019-12-22T11:31:40+00:00","dateModified":"2019-12-22T11:31:57+00:00","description":"Bizcocho especiado con frutos del bosque es super jugoso y f\u00e1cil de hacer. Adem\u00e1s de estar riqu\u00edsimo y aportarte nutrientes buenos para tu organismo.","breadcrumb":{"@id":"https:\/\/healthyforkful.com\/es\/bizcocho-especiado-con-frutos-del-bosque\/#breadcrumb"},"inLanguage":"es","potentialAction":[{"@type":"ReadAction","target":["https:\/\/healthyforkful.com\/es\/bizcocho-especiado-con-frutos-del-bosque\/"]}]},{"@type":"ImageObject","inLanguage":"es","@id":"https:\/\/healthyforkful.com\/es\/bizcocho-especiado-con-frutos-del-bosque\/#primaryimage","url":"https:\/\/i0.wp.com\/healthyforkful.com\/wp-content\/uploads\/2019\/12\/IMG_6689-scaled.jpg?fit=1536%2C2048&ssl=1","contentUrl":"https:\/\/i0.wp.com\/healthyforkful.com\/wp-content\/uploads\/2019\/12\/IMG_6689-scaled.jpg?fit=1536%2C2048&ssl=1","width":1536,"height":2048},{"@type":"BreadcrumbList","@id":"https:\/\/healthyforkful.com\/es\/bizcocho-especiado-con-frutos-del-bosque\/#breadcrumb","itemListElement":[{"@type":"ListItem","position":1,"name":"Home","item":"https:\/\/healthyforkful.com\/es\/"},{"@type":"ListItem","position":2,"name":"Recetas","item":"https:\/\/healthyforkful.com\/es\/category\/recetas\/"},{"@type":"ListItem","position":3,"name":"Bizcocho especiado con frutos del bosque"}]},{"@type":"WebSite","@id":"https:\/\/healthyforkful.com\/#website","url":"https:\/\/healthyforkful.com\/","name":"Healthy Forkful","description":"Recetas nutritivas y deliciosas ","publisher":{"@id":"https:\/\/healthyforkful.com\/#\/schema\/person\/36d13024a9c2682528a14123f097fb96"},"potentialAction":[{"@type":"SearchAction","target":{"@type":"EntryPoint","urlTemplate":"https:\/\/healthyforkful.com\/?s={search_term_string}"},"query-input":{"@type":"PropertyValueSpecification","valueRequired":true,"valueName":"search_term_string"}}],"inLanguage":"es"},{"@type":["Person","Organization"],"@id":"https:\/\/healthyforkful.com\/#\/schema\/person\/36d13024a9c2682528a14123f097fb96","name":"Maria","image":{"@type":"ImageObject","inLanguage":"es","@id":"https:\/\/healthyforkful.com\/#\/schema\/person\/image\/","url":"https:\/\/i0.wp.com\/www.healthyforkful.com\/wp-content\/uploads\/2017\/11\/Maria-Llamas.jpg?fit=200%2C200&ssl=1","contentUrl":"https:\/\/i0.wp.com\/www.healthyforkful.com\/wp-content\/uploads\/2017\/11\/Maria-Llamas.jpg?fit=200%2C200&ssl=1","width":200,"height":200,"caption":"Maria"},"logo":{"@id":"https:\/\/healthyforkful.com\/#\/schema\/person\/image\/"},"sameAs":["https:\/\/healthyforkful.com\/","www.facebook.com\/healthyforkful"]}]}},"jetpack_publicize_connections":[],"jetpack_featured_media_url":"https:\/\/i0.wp.com\/healthyforkful.com\/wp-content\/uploads\/2019\/12\/IMG_6689-scaled.jpg?fit=1536%2C2048&ssl=1","jetpack_sharing_enabled":true,"jetpack_shortlink":"https:\/\/wp.me\/p8n1Ll-1fo","jetpack-related-posts":[{"id":5236,"url":"https:\/\/healthyforkful.com\/es\/bizcocho-de-platano-y-chocolate\/","url_meta":{"origin":4798,"position":0},"title":"Bizcocho de pl\u00e1tano y chocolate","author":"Maria","date":"","format":false,"excerpt":"S\u00ed ya se que en verano apetece poco encender el horno, pero este bizcocho de pl\u00e1tano y chocolate bien merece el calor. No se tu, pero siempre que tengo un pu\u00f1ado de pl\u00e1tanos negros y blandurrios me emociono porque se que eso significa.... \u00a1\u00a1bizcocho de pl\u00e1tano!! Si me sigues desde\u2026","rel":"","context":"En \u00abDesayunos y Brunch\u00bb","block_context":{"text":"Desayunos y Brunch","link":"https:\/\/healthyforkful.com\/es\/category\/desayunos-y-brunch\/"},"img":{"alt_text":"BIZCOCHO DE PLATANO Y CHOCOLATE","src":"https:\/\/i0.wp.com\/healthyforkful.com\/wp-content\/uploads\/2020\/08\/Bizcocho-de-pla%CC%81tano-y-chocolate-scaled.jpg?fit=848%2C1200&ssl=1&resize=350%2C200","width":350,"height":200,"srcset":"https:\/\/i0.wp.com\/healthyforkful.com\/wp-content\/uploads\/2020\/08\/Bizcocho-de-pla%CC%81tano-y-chocolate-scaled.jpg?fit=848%2C1200&ssl=1&resize=350%2C200 1x, https:\/\/i0.wp.com\/healthyforkful.com\/wp-content\/uploads\/2020\/08\/Bizcocho-de-pla%CC%81tano-y-chocolate-scaled.jpg?fit=848%2C1200&ssl=1&resize=525%2C300 1.5x, https:\/\/i0.wp.com\/healthyforkful.com\/wp-content\/uploads\/2020\/08\/Bizcocho-de-pla%CC%81tano-y-chocolate-scaled.jpg?fit=848%2C1200&ssl=1&resize=700%2C400 2x"},"classes":[]},{"id":2641,"url":"https:\/\/healthyforkful.com\/es\/bizcocho-saludable-platano\/","url_meta":{"origin":4798,"position":1},"title":"Bizcocho Saludable de Pl\u00e1tano","author":"Maria","date":"","format":false,"excerpt":"Bizcocho de Pl\u00e1tano o Banana Bread, es un cl\u00e1sico que puedes encontrar en casi cualquier cafeter\u00eda o pasteler\u00eda, y m\u00e1s si tienen influencia americana. Mi primera experiencia con bizcocho de pl\u00e1tan fue en Dubl\u00edn. Era jugoso, dulce, de pl\u00e1tano con chips de chocolate, sencillamente delicioso y adictivo. Desde entonces, he\u2026","rel":"","context":"En \u00abDesayunos y Brunch\u00bb","block_context":{"text":"Desayunos y Brunch","link":"https:\/\/healthyforkful.com\/es\/category\/desayunos-y-brunch\/"},"img":{"alt_text":"Bizcocho Saludable de Pl\u00e1tano","src":"https:\/\/i0.wp.com\/healthyforkful.com\/wp-content\/uploads\/2017\/07\/Banana-Bread-GF-1.jpg?fit=900%2C1200&ssl=1&resize=350%2C200","width":350,"height":200,"srcset":"https:\/\/i0.wp.com\/healthyforkful.com\/wp-content\/uploads\/2017\/07\/Banana-Bread-GF-1.jpg?fit=900%2C1200&ssl=1&resize=350%2C200 1x, https:\/\/i0.wp.com\/healthyforkful.com\/wp-content\/uploads\/2017\/07\/Banana-Bread-GF-1.jpg?fit=900%2C1200&ssl=1&resize=525%2C300 1.5x, https:\/\/i0.wp.com\/healthyforkful.com\/wp-content\/uploads\/2017\/07\/Banana-Bread-GF-1.jpg?fit=900%2C1200&ssl=1&resize=700%2C400 2x"},"classes":[]},{"id":5152,"url":"https:\/\/healthyforkful.com\/es\/pastelitos-de-nectarina-y-almendras\/","url_meta":{"origin":4798,"position":2},"title":"Pastelitos de nectarina y almendras","author":"Maria","date":"","format":false,"excerpt":"Estos pastelitos cobraron vida hace ya unos a\u00f1os y primero fueron publicados en mi primer blog, un blog que escrib\u00eda junto a mi hermana hace ya muchos a\u00f1os. Ahora he tuneado un poco la receta, lo primero para hacerla m\u00e1s sencilla y lo segundo porque son los ingredientes que ten\u00eda\u2026","rel":"","context":"En \u00abDesayunos y Brunch\u00bb","block_context":{"text":"Desayunos y Brunch","link":"https:\/\/healthyforkful.com\/es\/category\/desayunos-y-brunch\/"},"img":{"alt_text":"","src":"https:\/\/i0.wp.com\/healthyforkful.com\/wp-content\/uploads\/2020\/06\/Pastelitos-de-nectarina-y-almendra.jpeg?resize=350%2C200&ssl=1","width":350,"height":200,"srcset":"https:\/\/i0.wp.com\/healthyforkful.com\/wp-content\/uploads\/2020\/06\/Pastelitos-de-nectarina-y-almendra.jpeg?resize=350%2C200&ssl=1 1x, https:\/\/i0.wp.com\/healthyforkful.com\/wp-content\/uploads\/2020\/06\/Pastelitos-de-nectarina-y-almendra.jpeg?resize=525%2C300&ssl=1 1.5x, https:\/\/i0.wp.com\/healthyforkful.com\/wp-content\/uploads\/2020\/06\/Pastelitos-de-nectarina-y-almendra.jpeg?resize=700%2C400&ssl=1 2x, https:\/\/i0.wp.com\/healthyforkful.com\/wp-content\/uploads\/2020\/06\/Pastelitos-de-nectarina-y-almendra.jpeg?resize=1050%2C600&ssl=1 3x, https:\/\/i0.wp.com\/healthyforkful.com\/wp-content\/uploads\/2020\/06\/Pastelitos-de-nectarina-y-almendra.jpeg?resize=1400%2C800&ssl=1 4x"},"classes":[]},{"id":6773,"url":"https:\/\/healthyforkful.com\/es\/bizcocho-de-platano-y-chocolate-vegano-y-sin-gluten\/","url_meta":{"origin":4798,"position":3},"title":"Bizcocho de pl\u00e1tano y chocolate (vegano y sin gluten)","author":"Maria","date":"","format":false,"excerpt":"\u00bfTe encanta el pan de pl\u00e1tano pero buscas una versi\u00f3n m\u00e1s saludable, sin gluten y apta para dietas especiales? Entonces esta receta es para ti. Este delicioso pan de pl\u00e1tano sin gluten no solo es esponjoso y lleno de sabor, sino que tambi\u00e9n est\u00e1 repleto de nutrientes gracias a sus\u2026","rel":"","context":"En \u00abDesayunos y Brunch\u00bb","block_context":{"text":"Desayunos y Brunch","link":"https:\/\/healthyforkful.com\/es\/category\/desayunos-y-brunch\/"},"img":{"alt_text":"bizcocho pl\u00e1tano y chocolate (sin gluten y vegano)\n","src":"https:\/\/i0.wp.com\/healthyforkful.com\/wp-content\/uploads\/2025\/03\/cody-chan-a0fBbS8RZAo-unsplash.jpg?fit=800%2C1200&ssl=1&resize=350%2C200","width":350,"height":200,"srcset":"https:\/\/i0.wp.com\/healthyforkful.com\/wp-content\/uploads\/2025\/03\/cody-chan-a0fBbS8RZAo-unsplash.jpg?fit=800%2C1200&ssl=1&resize=350%2C200 1x, https:\/\/i0.wp.com\/healthyforkful.com\/wp-content\/uploads\/2025\/03\/cody-chan-a0fBbS8RZAo-unsplash.jpg?fit=800%2C1200&ssl=1&resize=525%2C300 1.5x, https:\/\/i0.wp.com\/healthyforkful.com\/wp-content\/uploads\/2025\/03\/cody-chan-a0fBbS8RZAo-unsplash.jpg?fit=800%2C1200&ssl=1&resize=700%2C400 2x"},"classes":[]},{"id":6617,"url":"https:\/\/healthyforkful.com\/es\/bizcocho-de-chocolate-y-platano-sin-gluten\/","url_meta":{"origin":4798,"position":4},"title":"Bizcocho de chocolate y pl\u00e1tano sin gluten","author":"Maria","date":"","format":false,"excerpt":"Seguramente ya tengas una receta de bizcocho de pl\u00e1tano y chocolate, pero puede decir con bastante confianza que hay algo en esta receta de bizcocho de chocolate y pl\u00e1tano sin gluten que la hace especial Quiz\u00e1s sea la textura suave y s\u00faper h\u00fameda, lo que lo convierte en una opci\u00f3n\u2026","rel":"","context":"En \u00abMuffins y Bizcochos\u00bb","block_context":{"text":"Muffins y Bizcochos","link":"https:\/\/healthyforkful.com\/es\/category\/desayunos-y-brunch\/muffins-y-bizcochos\/"},"img":{"alt_text":"BIZCOCHO DE CHOCOLATE Y PL\u00c1TANO SIN GLUTEN","src":"https:\/\/i0.wp.com\/healthyforkful.com\/wp-content\/uploads\/2023\/08\/BIZCOCHO-DE-CHOCOLATE-Y-PLATANO-SIN-GLUTEN.png?fit=675%2C1200&ssl=1&resize=350%2C200","width":350,"height":200,"srcset":"https:\/\/i0.wp.com\/healthyforkful.com\/wp-content\/uploads\/2023\/08\/BIZCOCHO-DE-CHOCOLATE-Y-PLATANO-SIN-GLUTEN.png?fit=675%2C1200&ssl=1&resize=350%2C200 1x, https:\/\/i0.wp.com\/healthyforkful.com\/wp-content\/uploads\/2023\/08\/BIZCOCHO-DE-CHOCOLATE-Y-PLATANO-SIN-GLUTEN.png?fit=675%2C1200&ssl=1&resize=525%2C300 1.5x"},"classes":[]},{"id":2775,"url":"https:\/\/healthyforkful.com\/es\/batido-de-platano-y-chocolate\/","url_meta":{"origin":4798,"position":5},"title":"Batido de Pl\u00e1tano y Chocolate","author":"Maria","date":"","format":false,"excerpt":"Enamorada de este delicioso batido de pl\u00e1tano, chocolate y almendras. Es tan endiabladamente bueno, f\u00e1cil y perfecto para esos momentos en los que tienes antojo de algo dulce. Nunca he sido muy fan de hacer zumos o batidos en casa. Supongo que porque el proceso de limpieza de la licuadora\u2026","rel":"","context":"En \u00abBebidas\u00bb","block_context":{"text":"Bebidas","link":"https:\/\/healthyforkful.com\/es\/category\/bebidas\/"},"img":{"alt_text":"","src":"https:\/\/i0.wp.com\/healthyforkful.com\/wp-content\/uploads\/2017\/03\/chocolate-banana-almond-smoothie-e1489245298308.jpg?fit=800%2C890&ssl=1&resize=350%2C200","width":350,"height":200,"srcset":"https:\/\/i0.wp.com\/healthyforkful.com\/wp-content\/uploads\/2017\/03\/chocolate-banana-almond-smoothie-e1489245298308.jpg?fit=800%2C890&ssl=1&resize=350%2C200 1x, https:\/\/i0.wp.com\/healthyforkful.com\/wp-content\/uploads\/2017\/03\/chocolate-banana-almond-smoothie-e1489245298308.jpg?fit=800%2C890&ssl=1&resize=525%2C300 1.5x, https:\/\/i0.wp.com\/healthyforkful.com\/wp-content\/uploads\/2017\/03\/chocolate-banana-almond-smoothie-e1489245298308.jpg?fit=800%2C890&ssl=1&resize=700%2C400 2x"},"classes":[]}],"jetpack_likes_enabled":true,"amp_enabled":true,"_links":{"self":[{"href":"https:\/\/healthyforkful.com\/es\/wp-json\/wp\/v2\/posts\/4798\/"}],"collection":[{"href":"https:\/\/healthyforkful.com\/es\/wp-json\/wp\/v2\/posts\/"}],"about":[{"href":"https:\/\/healthyforkful.com\/es\/wp-json\/wp\/v2\/types\/post\/"}],"author":[{"embeddable":true,"href":"https:\/\/healthyforkful.com\/es\/wp-json\/wp\/v2\/users\/1\/"}],"replies":[{"embeddable":true,"href":"https:\/\/healthyforkful.com\/es\/wp-json\/wp\/v2\/comments\/?post=4798"}],"version-history":[{"count":3,"href":"https:\/\/healthyforkful.com\/es\/wp-json\/wp\/v2\/posts\/4798\/revisions\/"}],"predecessor-version":[{"id":4822,"href":"https:\/\/healthyforkful.com\/es\/wp-json\/wp\/v2\/posts\/4798\/revisions\/4822\/"}],"wp:featuredmedia":[{"embeddable":true,"href":"https:\/\/healthyforkful.com\/es\/wp-json\/wp\/v2\/media\/4805\/"}],"wp:attachment":[{"href":"https:\/\/healthyforkful.com\/es\/wp-json\/wp\/v2\/media\/?parent=4798"}],"wp:term":[{"taxonomy":"category","embeddable":true,"href":"https:\/\/healthyforkful.com\/es\/wp-json\/wp\/v2\/categories\/?post=4798"},{"taxonomy":"post_tag","embeddable":true,"href":"https:\/\/healthyforkful.com\/es\/wp-json\/wp\/v2\/tags\/?post=4798"}],"curies":[{"name":"wp","href":"https:\/\/api.w.org\/{rel}","templated":true}]}}