{"id":4880,"date":"2020-03-06T09:10:00","date_gmt":"2020-03-06T08:10:00","guid":{"rendered":"https:\/\/healthyforkful.com\/?p=4880"},"modified":"2020-03-06T22:20:33","modified_gmt":"2020-03-06T21:20:33","slug":"lentejas-con-setas-de-temporada","status":"publish","type":"post","link":"https:\/\/healthyforkful.com\/es\/lentejas-con-setas-de-temporada\/","title":{"rendered":"Lentejas con setas de temporada"},"content":{"rendered":"\n<figure class=\"wp-block-image size-large\"><img fetchpriority=\"high\" decoding=\"async\" width=\"2048\" height=\"1365\" src=\"https:\/\/i0.wp.com\/www.healthyforkful.com\/wp-content\/uploads\/2020\/03\/IMG_4811-scaled.jpeg?fit=980%2C654&amp;ssl=1\" alt=\"Lentejas con setas de temporada\" class=\"wp-image-4883\" srcset=\"https:\/\/i0.wp.com\/healthyforkful.com\/wp-content\/uploads\/2020\/03\/IMG_4811-scaled.jpeg?w=2048&amp;ssl=1 2048w, https:\/\/i0.wp.com\/healthyforkful.com\/wp-content\/uploads\/2020\/03\/IMG_4811-scaled.jpeg?resize=300%2C200&amp;ssl=1 300w, https:\/\/i0.wp.com\/healthyforkful.com\/wp-content\/uploads\/2020\/03\/IMG_4811-scaled.jpeg?resize=1024%2C683&amp;ssl=1 1024w, https:\/\/i0.wp.com\/healthyforkful.com\/wp-content\/uploads\/2020\/03\/IMG_4811-scaled.jpeg?resize=768%2C512&amp;ssl=1 768w, https:\/\/i0.wp.com\/healthyforkful.com\/wp-content\/uploads\/2020\/03\/IMG_4811-scaled.jpeg?resize=1536%2C1024&amp;ssl=1 1536w, https:\/\/i0.wp.com\/healthyforkful.com\/wp-content\/uploads\/2020\/03\/IMG_4811-scaled.jpeg?w=1960&amp;ssl=1 1960w\" sizes=\"(max-width: 980px) 100vw, 980px\" \/><\/figure>\n\n\n\n<p>\u00a1\u00a1No me puedo creer que hace ya casi 6 meses de estas lentejas con setas de temporada!! Como pasa el tiempo madre m\u00eda!!<\/p>\n\n\n\n<p>Y es que el septiembre pasado estuve unos d\u00edas en casa de una amiga m\u00eda en la sierra de Madrid, fueron unos d\u00edas de conexi\u00f3n, ponernos al d\u00eda, de risas, cocina y fotograf\u00edas. <\/p>\n\n\n\n<figure class=\"wp-block-image size-large\"><img decoding=\"async\" width=\"2048\" height=\"1152\" src=\"https:\/\/i0.wp.com\/www.healthyforkful.com\/wp-content\/uploads\/2020\/03\/Yo-y-seta-1-scaled.jpg?fit=980%2C551&amp;ssl=1\" alt=\"\" class=\"wp-image-4887\" srcset=\"https:\/\/i0.wp.com\/healthyforkful.com\/wp-content\/uploads\/2020\/03\/Yo-y-seta-1-scaled.jpg?w=2048&amp;ssl=1 2048w, https:\/\/i0.wp.com\/healthyforkful.com\/wp-content\/uploads\/2020\/03\/Yo-y-seta-1-scaled.jpg?resize=300%2C169&amp;ssl=1 300w, https:\/\/i0.wp.com\/healthyforkful.com\/wp-content\/uploads\/2020\/03\/Yo-y-seta-1-scaled.jpg?resize=1024%2C576&amp;ssl=1 1024w, https:\/\/i0.wp.com\/healthyforkful.com\/wp-content\/uploads\/2020\/03\/Yo-y-seta-1-scaled.jpg?resize=768%2C432&amp;ssl=1 768w, https:\/\/i0.wp.com\/healthyforkful.com\/wp-content\/uploads\/2020\/03\/Yo-y-seta-1-scaled.jpg?resize=1536%2C864&amp;ssl=1 1536w, https:\/\/i0.wp.com\/healthyforkful.com\/wp-content\/uploads\/2020\/03\/Yo-y-seta-1-scaled.jpg?resize=480%2C270&amp;ssl=1 480w, https:\/\/i0.wp.com\/healthyforkful.com\/wp-content\/uploads\/2020\/03\/Yo-y-seta-1-scaled.jpg?w=1960&amp;ssl=1 1960w\" sizes=\"(max-width: 980px) 100vw, 980px\" \/><\/figure>\n\n\n\n<p>Ella es una fot\u00f3grafa estupenda y necesitaba practicar en exteriores y yo necesitaba fotos profesionales para mi web y para las redes sociales, as\u00ed que un d\u00eda nos liamos y nos fuimos por el pueblo en plan influencers y nos quedaron unas fotos que a mi por lo menos me encantan.<\/p>\n\n\n\n<p>Pero bueno, voy al grano. Entre pose y pose y disparo y disparo, nos dio tiempo a preparar este delicioso plato y oto\u00f1al plato de lentejas con setas de temporada. El resultado \u00a1espectacular! Y es que es lo \u00fanico que puede pasar cuando utilizas ingredientes de temporada y cocinas con amor e ilusi\u00f3n.<\/p>\n\n\n\n<p>Si te gustar\u00eda m\u00e1s platos con setas o champi\u00f1ones echa un vistazo a estos links:<\/p>\n\n\n\n<p><a href=\"https:\/\/healthyforkful.com\/es\/ensalada-de-calabaza-y-champinones-asados-con-quinoa-y-alino-con-aceite-de-aguacate\/\">Ensalada de Calabaza con champi\u00f1ones y quinoa<\/a><\/p>\n\n\n\n<p><a rel=\"noreferrer noopener\" aria-label=\"Coq au Vin (opens in a new tab)\" href=\"https:\/\/healthyforkful.com\/es\/coq-au-vin-pollo-al-vino-tinto\/\" target=\"_blank\">Coq au Vin<\/a><\/p>\n\n\n\n<p><a href=\"http:\/\/thetartprincess.com\/la-invencion-del-verano-quinotto\/\" target=\"_blank\" rel=\"noreferrer noopener\" aria-label=\"Quinotto con espinacas y champi\u00f1ones (opens in a new tab)\">Quinotto con espinacas y champi\u00f1ones<\/a><\/p>\n\n\n<div id=\"recipe\"><\/div><div id=\"wprm-recipe-container-4881\" class=\"wprm-recipe-container\" data-recipe-id=\"4881\" data-servings=\"4\"><div class=\"wprm-recipe wprm-recipe-tastefully-simple\">\n\t<div class=\"wprm-recipe-image-container\">\n\t\t\t\t<div class=\"wprm-recipe-image\"><img decoding=\"async\" width=\"150\" height=\"150\" src=\"https:\/\/i0.wp.com\/healthyforkful.com\/wp-content\/uploads\/2020\/03\/IMG_4811.jpeg?resize=150%2C150&amp;ssl=1\" class=\"attachment-thumbnail size-thumbnail\" alt=\"\" data-attachment-id=\"4884\" data-permalink=\"https:\/\/healthyforkful.com\/es\/lentejas-con-setas-de-temporada\/img_4811\/\" data-orig-file=\"https:\/\/i0.wp.com\/healthyforkful.com\/wp-content\/uploads\/2020\/03\/IMG_4811.jpeg?fit=2048%2C1365&amp;ssl=1\" data-orig-size=\"2048,1365\" data-comments-opened=\"1\" data-image-meta=\"{&quot;aperture&quot;:&quot;0&quot;,&quot;credit&quot;:&quot;&quot;,&quot;camera&quot;:&quot;&quot;,&quot;caption&quot;:&quot;&quot;,&quot;created_timestamp&quot;:&quot;1571250845&quot;,&quot;copyright&quot;:&quot;&quot;,&quot;focal_length&quot;:&quot;0&quot;,&quot;iso&quot;:&quot;0&quot;,&quot;shutter_speed&quot;:&quot;0&quot;,&quot;title&quot;:&quot;&quot;,&quot;orientation&quot;:&quot;0&quot;}\" data-image-title=\"IMG_4811\" data-image-description=\"\" data-image-caption=\"\" data-medium-file=\"https:\/\/i0.wp.com\/healthyforkful.com\/wp-content\/uploads\/2020\/03\/IMG_4811.jpeg?fit=300%2C200&amp;ssl=1\" data-large-file=\"https:\/\/i0.wp.com\/healthyforkful.com\/wp-content\/uploads\/2020\/03\/IMG_4811.jpeg?fit=980%2C654&amp;ssl=1\" \/><\/div>\n\t\t<div class=\"wprm-recipe-buttons\">\n\t\t\t<a href=\"https:\/\/healthyforkful.com\/es\/wprm_print\/lentejas-con-setas-de-temporada\" class=\"wprm-recipe-print wprm-color-accent\" target=\"_blank\" rel=\"nofollow\">Imprimir<\/a>\n\t\t<\/div>\n\t<\/div>\n\t<div class=\"wprm-recipe-name wprm-color-header\">Lentejas con setas de temporada<\/div>\n\t\t<div class=\"wprm-recipe-summary\">\n\t\t\t<\/div>\n\t<div class=\"wprm-recipe-details-container\">\n\t\t\t\t\t<div class=\"wprm-recipe-course-container\">\n\t\t\t\t<span class=\"wprm-recipe-details-name wprm-recipe-course-name\">Plato:<\/span>\n\t\t\t\t<span class=\"wprm-recipe-course\">\n\t\t\t\t\tplato principal\t\t\t\t<\/span>\n\t\t\t<\/div>\n\t\t\t\t\t<div class=\"wprm-recipe-keyword-container\">\n\t\t\t\t<span class=\"wprm-recipe-details-name wprm-recipe-keyword-name\">Keyword:<\/span>\n\t\t\t\t<span class=\"wprm-recipe-keyword\">\n\t\t\t\t\tcol, lentejas, setas\t\t\t\t<\/span>\n\t\t\t<\/div>\n\t\t\t\t\t\t<div class=\"wprm-recipe-servings-container\">\n\t\t\t<span class=\"wprm-recipe-details-name wprm-recipe-servings-name\">Raciones<\/span>: <span class=\"wprm-recipe-details wprm-recipe-servings wprm-recipe-servings-4881\">4<\/span> <span class=\"wprm-recipe-details-unit wprm-recipe-servings-unit\">personas<\/span>\n\t\t<\/div>\n\t\t\t\t\t\t\t<\/div>\n\n\t\t<div class=\"wprm-recipe-ingredients-container\">\n\t\t<div class=\"wprm-recipe-header wprm-color-header\">Ingredientes<\/div>\n\t\t\t\t<div class=\"wprm-recipe-ingredient-group\">\n\t\t\t\t\t\t<ul class=\"wprm-recipe-ingredients\">\n\t\t\t\t\t\t\t\t<li class=\"wprm-recipe-ingredient\">\n\t\t\t\t\t\t\t\t\t\t<span class=\"wprm-recipe-ingredient-amount\">2<\/span>\n\t\t\t\t\t\t\t\t\t\t\t\t\t\t\t<span class=\"wprm-recipe-ingredient-unit\">cdas<\/span>\n\t\t\t\t\t\t\t\t\t\t<span class=\"wprm-recipe-ingredient-name\">aceite de oliva virgen extra<\/span>\n\t\t\t\t\t\t\t\t\t<\/li>\n\t\t\t\t\t\t\t\t<li class=\"wprm-recipe-ingredient\">\n\t\t\t\t\t\t\t\t\t\t<span class=\"wprm-recipe-ingredient-amount\">1<\/span>\n\t\t\t\t\t\t\t\t\t\t\t\t\t\t\t<span class=\"wprm-recipe-ingredient-name\">cebolla roja<\/span>\n\t\t\t\t\t\t\t\t\t<\/li>\n\t\t\t\t\t\t\t\t<li class=\"wprm-recipe-ingredient\">\n\t\t\t\t\t\t\t\t\t\t<span class=\"wprm-recipe-ingredient-amount\">2<\/span>\n\t\t\t\t\t\t\t\t\t\t\t\t\t\t\t<span class=\"wprm-recipe-ingredient-unit\">dientes<\/span>\n\t\t\t\t\t\t\t\t\t\t<span class=\"wprm-recipe-ingredient-name\">de ajo<\/span>\n\t\t\t\t\t\t\t\t\t<\/li>\n\t\t\t\t\t\t\t\t<li class=\"wprm-recipe-ingredient\">\n\t\t\t\t\t\t\t\t\t\t<span class=\"wprm-recipe-ingredient-amount\">1<\/span>\n\t\t\t\t\t\t\t\t\t\t\t\t\t\t\t<span class=\"wprm-recipe-ingredient-unit\">tallo<\/span>\n\t\t\t\t\t\t\t\t\t\t<span class=\"wprm-recipe-ingredient-name\">apio<\/span>\n\t\t\t\t\t\t\t\t\t<\/li>\n\t\t\t\t\t\t\t\t<li class=\"wprm-recipe-ingredient\">\n\t\t\t\t\t\t\t\t\t\t<span class=\"wprm-recipe-ingredient-amount\">400<\/span>\n\t\t\t\t\t\t\t\t\t\t\t\t\t\t\t<span class=\"wprm-recipe-ingredient-unit\">gramos<\/span>\n\t\t\t\t\t\t\t\t\t\t<span class=\"wprm-recipe-ingredient-name\">setas de temporada (\u00f1\u00edscalos, ceps, trompeta&#8230;)<\/span>\n\t\t\t\t\t\t\t\t\t<\/li>\n\t\t\t\t\t\t\t\t<li class=\"wprm-recipe-ingredient\">\n\t\t\t\t\t\t\t\t\t\t<span class=\"wprm-recipe-ingredient-amount\">1\/2<\/span>\n\t\t\t\t\t\t\t\t\t\t\t\t\t\t\t<span class=\"wprm-recipe-ingredient-name\">col rizada<\/span>\n\t\t\t\t\t\t\t\t\t<\/li>\n\t\t\t\t\t\t\t\t<li class=\"wprm-recipe-ingredient\">\n\t\t\t\t\t\t\t\t\t\t<span class=\"wprm-recipe-ingredient-amount\">200<\/span>\n\t\t\t\t\t\t\t\t\t\t\t\t\t\t\t<span class=\"wprm-recipe-ingredient-unit\">gramos<\/span>\n\t\t\t\t\t\t\t\t\t\t<span class=\"wprm-recipe-ingredient-name\">lentejas <\/span>\n\t\t\t\t\t\t\t\t\t<\/li>\n\t\t\t\t\t\t\t\t<li class=\"wprm-recipe-ingredient\">\n\t\t\t\t\t\t\t\t\t\t<span class=\"wprm-recipe-ingredient-amount\">500<\/span>\n\t\t\t\t\t\t\t\t\t\t\t\t\t\t\t<span class=\"wprm-recipe-ingredient-unit\">ml<\/span>\n\t\t\t\t\t\t\t\t\t\t<span class=\"wprm-recipe-ingredient-name\">caldo de verdura o agua<\/span>\n\t\t\t\t\t\t\t\t\t<\/li>\n\t\t\t\t\t\t\t\t<li class=\"wprm-recipe-ingredient\">\n\t\t\t\t\t\t\t\t\t\t\t\t\t\t\t<span class=\"wprm-recipe-ingredient-name\">sal<\/span>\n\t\t\t\t\t\t\t\t\t<\/li>\n\t\t\t\t\t\t\t\t<li class=\"wprm-recipe-ingredient\">\n\t\t\t\t\t\t\t\t\t\t\t\t\t\t\t<span class=\"wprm-recipe-ingredient-name\">pimienta negra<\/span>\n\t\t\t\t\t\t\t\t\t<\/li>\n\t\t\t\t\t\t\t\t<li class=\"wprm-recipe-ingredient\">\n\t\t\t\t\t\t\t\t\t\t\t\t\t\t\t<span class=\"wprm-recipe-ingredient-name\">parmesano<\/span>\n\t\t\t\t\t\t\t\t\t\t<span class=\"wprm-recipe-ingredient-notes\">para servir<\/span>\n\t\t\t\t\t\t\t\t\t<\/li>\n\t\t\t\t\t\t\t\t<li class=\"wprm-recipe-ingredient\">\n\t\t\t\t\t\t\t\t\t\t\t\t\t\t\t<span class=\"wprm-recipe-ingredient-name\">perejil fresco<\/span>\n\t\t\t\t\t\t\t\t\t\t<span class=\"wprm-recipe-ingredient-notes\">para servir<\/span>\n\t\t\t\t\t\t\t\t\t<\/li>\n\t\t\t\t\t\t\t<\/ul>\n\t\t<\/div>\n\t \t \t<\/div>\n\t\t\t<div class=\"wprm-recipe-instructions-container\">\n\t\t<div class=\"wprm-recipe-header wprm-color-header\">Elaboraci\u00f3n paso a paso<\/div>\n\t\t\t\t<div class=\"wprm-recipe-instruction-group\">\n\t\t\t\t\t\t<ol class=\"wprm-recipe-instructions\">\n\t\t\t\t\t\t\t\t<li class=\"wprm-recipe-instruction\">\n\t\t\t\t\t\t\t\t\t\t<div class=\"wprm-recipe-instruction-text\"><p>Lava las setas con un papel ligeramente humedecido si est\u00e1n sucias. Lam\u00ednalas.<\/p><\/div>\n\t\t\t\t\t\t\t\t\t\t\t\t\t\t<\/li>\n\t\t\t\t\t\t\t\t<li class=\"wprm-recipe-instruction\">\n\t\t\t\t\t\t\t\t\t\t<div class=\"wprm-recipe-instruction-text\"><p>Trocea la cebolla, el apio y el ajo y saltea en una olla caliente con un poco de aceite. Cuando la cebolla est\u00e9 transl\u00facida, a\u00f1ade las setas y dora unos minutos a fuego fuerte, dando vueltas de vez en cuando. A\u00f1ade la col cortada en juliana y da un par de vueltas.<\/p><\/div>\n\t\t\t\t\t\t\t\t\t\t\t\t\t\t<\/li>\n\t\t\t\t\t\t\t\t<li class=\"wprm-recipe-instruction\">\n\t\t\t\t\t\t\t\t\t\t<div class=\"wprm-recipe-instruction-text\"><p>A\u00f1ade las lentejas y el caldo y cuando comience a hervir, baja el fuego y deja que se cuezan las lentejas unos 20 minutos o hasta que el caldo se haya absorbido. <\/p><\/div>\n\t\t\t\t\t\t\t\t\t\t\t\t\t\t<\/li>\n\t\t\t\t\t\t\t\t<li class=\"wprm-recipe-instruction\">\n\t\t\t\t\t\t\t\t\t\t<div class=\"wprm-recipe-instruction-text\"><p>Sazona. Sirve en platos y espolvorea parmesano rallado y perejil picado.<\/p><\/div>\n\t\t\t\t\t\t\t\t\t\t\t\t\t\t<\/li>\n\t\t\t\t\t\t\t<\/ol>\n\t\t<\/div>\n\t\t\t<\/div>\n\t\t\t\t<\/div>\n<\/div><!-- AddThis Advanced Settings generic via filter on the_content --><!-- AddThis Share Buttons generic via filter on the_content -->","protected":false},"excerpt":{"rendered":"<p>\u00a1\u00a1No me puedo creer que hace ya casi 6 meses de estas lentejas con setas de temporada!! Como pasa el tiempo madre m\u00eda!! Y es que el septiembre pasado estuve unos d\u00edas en casa de una amiga m\u00eda en la sierra de Madrid, fueron unos d\u00edas de conexi\u00f3n, ponernos al d\u00eda, de risas, cocina y&#8230;<!-- AddThis Advanced Settings generic via filter on get_the_excerpt --><!-- AddThis Share Buttons generic via filter on get_the_excerpt --><\/p>\n<p><a class=\"more-link\" href=\"https:\/\/healthyforkful.com\/es\/lentejas-con-setas-de-temporada\/\">Read More<\/a><\/p>","protected":false},"author":1,"featured_media":0,"comment_status":"open","ping_status":"open","sticky":false,"template":"","format":"standard","meta":{"wprm-recipe-roundup-name":"","wprm-recipe-roundup-description":"","_monsterinsights_skip_tracking":false,"_monsterinsights_sitenote_active":false,"_monsterinsights_sitenote_note":"","_monsterinsights_sitenote_category":0,"_genesis_hide_title":false,"_genesis_hide_breadcrumbs":false,"_genesis_hide_singular_image":false,"_genesis_hide_footer_widgets":false,"_genesis_custom_body_class":"","_genesis_custom_post_class":"","_genesis_layout":"","jetpack_post_was_ever_published":false,"_jetpack_newsletter_access":"","_jetpack_dont_email_post_to_subs":false,"_jetpack_newsletter_tier_id":0,"_jetpack_memberships_contains_paywalled_content":false,"_jetpack_memberships_contains_paid_content":false,"footnotes":"","jetpack_publicize_message":"","jetpack_publicize_feature_enabled":true,"jetpack_social_post_already_shared":true,"jetpack_social_options":{"image_generator_settings":{"template":"highway","default_image_id":0,"font":"","enabled":false},"version":2}},"categories":[830,841],"tags":[2433,1922,1996,2432,2070],"class_list":{"0":"post-4880","1":"post","2":"type-post","3":"status-publish","4":"format-standard","6":"category-principales","7":"category-recetas","8":"tag-col","9":"tag-lentejas","10":"tag-otono","11":"tag-setas","12":"tag-temporada","13":"entry","14":"has-post-thumbnail"},"yoast_head":"<!-- This site is optimized with the Yoast SEO plugin v26.8 - https:\/\/yoast.com\/product\/yoast-seo-wordpress\/ -->\n<title>Lentejas con setas de temporada - Healthy Forkful<\/title>\n<meta name=\"description\" content=\"Un plazo excepci\u00f3n preparado con ingredientes de temporada, setas silvestres y col. Este guiso de lentejas con setas de temporada est\u00e1 excepcional\" \/>\n<meta name=\"robots\" content=\"index, follow, max-snippet:-1, max-image-preview:large, max-video-preview:-1\" \/>\n<link rel=\"canonical\" href=\"https:\/\/healthyforkful.com\/es\/lentejas-con-setas-de-temporada\/\" \/>\n<meta property=\"og:locale\" content=\"es_ES\" \/>\n<meta property=\"og:type\" content=\"article\" \/>\n<meta property=\"og:title\" content=\"Lentejas con setas de temporada - Healthy Forkful\" \/>\n<meta property=\"og:description\" content=\"Un plazo excepci\u00f3n preparado con ingredientes de temporada, setas silvestres y col. Este guiso de lentejas con setas de temporada est\u00e1 excepcional\" \/>\n<meta property=\"og:url\" content=\"https:\/\/healthyforkful.com\/es\/lentejas-con-setas-de-temporada\/\" \/>\n<meta property=\"og:site_name\" content=\"Healthy Forkful\" \/>\n<meta property=\"article:publisher\" content=\"www.facebook.com\/healthyforkful\" \/>\n<meta property=\"article:author\" content=\"www.facebook.com\/healthyforkful\" \/>\n<meta property=\"article:published_time\" content=\"2020-03-06T08:10:00+00:00\" \/>\n<meta property=\"article:modified_time\" content=\"2020-03-06T21:20:33+00:00\" \/>\n<meta property=\"og:image\" content=\"https:\/\/i0.wp.com\/www.healthyforkful.com\/wp-content\/uploads\/2020\/03\/IMG_4811-scaled.jpeg?fit=980%2C654&amp;ssl=1\" \/>\n<meta name=\"author\" content=\"Maria\" \/>\n<meta name=\"twitter:card\" content=\"summary_large_image\" \/>\n<meta name=\"twitter:creator\" content=\"@healthyforkful\" \/>\n<meta name=\"twitter:site\" content=\"@healthyforkful\" \/>\n<meta name=\"twitter:label1\" content=\"Escrito por\" \/>\n\t<meta name=\"twitter:data1\" content=\"Maria\" \/>\n\t<meta name=\"twitter:label2\" content=\"Tiempo de lectura\" \/>\n\t<meta name=\"twitter:data2\" content=\"2 minutos\" \/>\n<script type=\"application\/ld+json\" class=\"yoast-schema-graph\">{\"@context\":\"https:\/\/schema.org\",\"@graph\":[{\"@type\":\"Article\",\"@id\":\"https:\/\/healthyforkful.com\/es\/lentejas-con-setas-de-temporada\/#article\",\"isPartOf\":{\"@id\":\"https:\/\/healthyforkful.com\/es\/lentejas-con-setas-de-temporada\/\"},\"author\":{\"name\":\"Maria\",\"@id\":\"https:\/\/healthyforkful.com\/#\/schema\/person\/36d13024a9c2682528a14123f097fb96\"},\"headline\":\"Lentejas con setas de temporada\",\"datePublished\":\"2020-03-06T08:10:00+00:00\",\"dateModified\":\"2020-03-06T21:20:33+00:00\",\"mainEntityOfPage\":{\"@id\":\"https:\/\/healthyforkful.com\/es\/lentejas-con-setas-de-temporada\/\"},\"wordCount\":367,\"commentCount\":0,\"publisher\":{\"@id\":\"https:\/\/healthyforkful.com\/#\/schema\/person\/36d13024a9c2682528a14123f097fb96\"},\"image\":{\"@id\":\"https:\/\/healthyforkful.com\/es\/lentejas-con-setas-de-temporada\/#primaryimage\"},\"thumbnailUrl\":\"https:\/\/i0.wp.com\/www.healthyforkful.com\/wp-content\/uploads\/2020\/03\/IMG_4811-scaled.jpeg?fit=980%2C654&amp;ssl=1\",\"keywords\":[\"col\",\"lentejas\",\"oto\u00f1o\",\"setas\",\"temporada\"],\"articleSection\":[\"Principales\",\"Recetas\"],\"inLanguage\":\"es\",\"potentialAction\":[{\"@type\":\"CommentAction\",\"name\":\"Comment\",\"target\":[\"https:\/\/healthyforkful.com\/es\/lentejas-con-setas-de-temporada\/#respond\"]}]},{\"@type\":\"WebPage\",\"@id\":\"https:\/\/healthyforkful.com\/es\/lentejas-con-setas-de-temporada\/\",\"url\":\"https:\/\/healthyforkful.com\/es\/lentejas-con-setas-de-temporada\/\",\"name\":\"Lentejas con setas de temporada - Healthy Forkful\",\"isPartOf\":{\"@id\":\"https:\/\/healthyforkful.com\/#website\"},\"primaryImageOfPage\":{\"@id\":\"https:\/\/healthyforkful.com\/es\/lentejas-con-setas-de-temporada\/#primaryimage\"},\"image\":{\"@id\":\"https:\/\/healthyforkful.com\/es\/lentejas-con-setas-de-temporada\/#primaryimage\"},\"thumbnailUrl\":\"https:\/\/i0.wp.com\/www.healthyforkful.com\/wp-content\/uploads\/2020\/03\/IMG_4811-scaled.jpeg?fit=980%2C654&amp;ssl=1\",\"datePublished\":\"2020-03-06T08:10:00+00:00\",\"dateModified\":\"2020-03-06T21:20:33+00:00\",\"description\":\"Un plazo excepci\u00f3n preparado con ingredientes de temporada, setas silvestres y col. Este guiso de lentejas con setas de temporada est\u00e1 excepcional\",\"breadcrumb\":{\"@id\":\"https:\/\/healthyforkful.com\/es\/lentejas-con-setas-de-temporada\/#breadcrumb\"},\"inLanguage\":\"es\",\"potentialAction\":[{\"@type\":\"ReadAction\",\"target\":[\"https:\/\/healthyforkful.com\/es\/lentejas-con-setas-de-temporada\/\"]}]},{\"@type\":\"ImageObject\",\"inLanguage\":\"es\",\"@id\":\"https:\/\/healthyforkful.com\/es\/lentejas-con-setas-de-temporada\/#primaryimage\",\"url\":\"https:\/\/i0.wp.com\/www.healthyforkful.com\/wp-content\/uploads\/2020\/03\/IMG_4811-scaled.jpeg?fit=980%2C654&amp;ssl=1\",\"contentUrl\":\"https:\/\/i0.wp.com\/www.healthyforkful.com\/wp-content\/uploads\/2020\/03\/IMG_4811-scaled.jpeg?fit=980%2C654&amp;ssl=1\"},{\"@type\":\"BreadcrumbList\",\"@id\":\"https:\/\/healthyforkful.com\/es\/lentejas-con-setas-de-temporada\/#breadcrumb\",\"itemListElement\":[{\"@type\":\"ListItem\",\"position\":1,\"name\":\"Home\",\"item\":\"https:\/\/healthyforkful.com\/es\/\"},{\"@type\":\"ListItem\",\"position\":2,\"name\":\"Recetas\",\"item\":\"https:\/\/healthyforkful.com\/es\/category\/recetas\/\"},{\"@type\":\"ListItem\",\"position\":3,\"name\":\"Lentejas con setas de temporada\"}]},{\"@type\":\"WebSite\",\"@id\":\"https:\/\/healthyforkful.com\/#website\",\"url\":\"https:\/\/healthyforkful.com\/\",\"name\":\"Healthy Forkful\",\"description\":\"Recetas nutritivas y deliciosas \",\"publisher\":{\"@id\":\"https:\/\/healthyforkful.com\/#\/schema\/person\/36d13024a9c2682528a14123f097fb96\"},\"potentialAction\":[{\"@type\":\"SearchAction\",\"target\":{\"@type\":\"EntryPoint\",\"urlTemplate\":\"https:\/\/healthyforkful.com\/?s={search_term_string}\"},\"query-input\":{\"@type\":\"PropertyValueSpecification\",\"valueRequired\":true,\"valueName\":\"search_term_string\"}}],\"inLanguage\":\"es\"},{\"@type\":[\"Person\",\"Organization\"],\"@id\":\"https:\/\/healthyforkful.com\/#\/schema\/person\/36d13024a9c2682528a14123f097fb96\",\"name\":\"Maria\",\"image\":{\"@type\":\"ImageObject\",\"inLanguage\":\"es\",\"@id\":\"https:\/\/healthyforkful.com\/#\/schema\/person\/image\/\",\"url\":\"https:\/\/i0.wp.com\/www.healthyforkful.com\/wp-content\/uploads\/2017\/11\/Maria-Llamas.jpg?fit=200%2C200&ssl=1\",\"contentUrl\":\"https:\/\/i0.wp.com\/www.healthyforkful.com\/wp-content\/uploads\/2017\/11\/Maria-Llamas.jpg?fit=200%2C200&ssl=1\",\"width\":200,\"height\":200,\"caption\":\"Maria\"},\"logo\":{\"@id\":\"https:\/\/healthyforkful.com\/#\/schema\/person\/image\/\"},\"sameAs\":[\"https:\/\/healthyforkful.com\/\",\"www.facebook.com\/healthyforkful\"]}]}<\/script>\n<!-- \/ Yoast SEO plugin. -->","yoast_head_json":{"title":"Lentejas con setas de temporada - Healthy Forkful","description":"Un plazo excepci\u00f3n preparado con ingredientes de temporada, setas silvestres y col. Este guiso de lentejas con setas de temporada est\u00e1 excepcional","robots":{"index":"index","follow":"follow","max-snippet":"max-snippet:-1","max-image-preview":"max-image-preview:large","max-video-preview":"max-video-preview:-1"},"canonical":"https:\/\/healthyforkful.com\/es\/lentejas-con-setas-de-temporada\/","og_locale":"es_ES","og_type":"article","og_title":"Lentejas con setas de temporada - Healthy Forkful","og_description":"Un plazo excepci\u00f3n preparado con ingredientes de temporada, setas silvestres y col. Este guiso de lentejas con setas de temporada est\u00e1 excepcional","og_url":"https:\/\/healthyforkful.com\/es\/lentejas-con-setas-de-temporada\/","og_site_name":"Healthy Forkful","article_publisher":"www.facebook.com\/healthyforkful","article_author":"www.facebook.com\/healthyforkful","article_published_time":"2020-03-06T08:10:00+00:00","article_modified_time":"2020-03-06T21:20:33+00:00","og_image":[{"url":"https:\/\/i0.wp.com\/www.healthyforkful.com\/wp-content\/uploads\/2020\/03\/IMG_4811-scaled.jpeg?fit=980%2C654&amp;ssl=1","type":"","width":"","height":""}],"author":"Maria","twitter_card":"summary_large_image","twitter_creator":"@healthyforkful","twitter_site":"@healthyforkful","twitter_misc":{"Escrito por":"Maria","Tiempo de lectura":"2 minutos"},"schema":{"@context":"https:\/\/schema.org","@graph":[{"@type":"Article","@id":"https:\/\/healthyforkful.com\/es\/lentejas-con-setas-de-temporada\/#article","isPartOf":{"@id":"https:\/\/healthyforkful.com\/es\/lentejas-con-setas-de-temporada\/"},"author":{"name":"Maria","@id":"https:\/\/healthyforkful.com\/#\/schema\/person\/36d13024a9c2682528a14123f097fb96"},"headline":"Lentejas con setas de temporada","datePublished":"2020-03-06T08:10:00+00:00","dateModified":"2020-03-06T21:20:33+00:00","mainEntityOfPage":{"@id":"https:\/\/healthyforkful.com\/es\/lentejas-con-setas-de-temporada\/"},"wordCount":367,"commentCount":0,"publisher":{"@id":"https:\/\/healthyforkful.com\/#\/schema\/person\/36d13024a9c2682528a14123f097fb96"},"image":{"@id":"https:\/\/healthyforkful.com\/es\/lentejas-con-setas-de-temporada\/#primaryimage"},"thumbnailUrl":"https:\/\/i0.wp.com\/www.healthyforkful.com\/wp-content\/uploads\/2020\/03\/IMG_4811-scaled.jpeg?fit=980%2C654&amp;ssl=1","keywords":["col","lentejas","oto\u00f1o","setas","temporada"],"articleSection":["Principales","Recetas"],"inLanguage":"es","potentialAction":[{"@type":"CommentAction","name":"Comment","target":["https:\/\/healthyforkful.com\/es\/lentejas-con-setas-de-temporada\/#respond"]}]},{"@type":"WebPage","@id":"https:\/\/healthyforkful.com\/es\/lentejas-con-setas-de-temporada\/","url":"https:\/\/healthyforkful.com\/es\/lentejas-con-setas-de-temporada\/","name":"Lentejas con setas de temporada - Healthy Forkful","isPartOf":{"@id":"https:\/\/healthyforkful.com\/#website"},"primaryImageOfPage":{"@id":"https:\/\/healthyforkful.com\/es\/lentejas-con-setas-de-temporada\/#primaryimage"},"image":{"@id":"https:\/\/healthyforkful.com\/es\/lentejas-con-setas-de-temporada\/#primaryimage"},"thumbnailUrl":"https:\/\/i0.wp.com\/www.healthyforkful.com\/wp-content\/uploads\/2020\/03\/IMG_4811-scaled.jpeg?fit=980%2C654&amp;ssl=1","datePublished":"2020-03-06T08:10:00+00:00","dateModified":"2020-03-06T21:20:33+00:00","description":"Un plazo excepci\u00f3n preparado con ingredientes de temporada, setas silvestres y col. Este guiso de lentejas con setas de temporada est\u00e1 excepcional","breadcrumb":{"@id":"https:\/\/healthyforkful.com\/es\/lentejas-con-setas-de-temporada\/#breadcrumb"},"inLanguage":"es","potentialAction":[{"@type":"ReadAction","target":["https:\/\/healthyforkful.com\/es\/lentejas-con-setas-de-temporada\/"]}]},{"@type":"ImageObject","inLanguage":"es","@id":"https:\/\/healthyforkful.com\/es\/lentejas-con-setas-de-temporada\/#primaryimage","url":"https:\/\/i0.wp.com\/www.healthyforkful.com\/wp-content\/uploads\/2020\/03\/IMG_4811-scaled.jpeg?fit=980%2C654&amp;ssl=1","contentUrl":"https:\/\/i0.wp.com\/www.healthyforkful.com\/wp-content\/uploads\/2020\/03\/IMG_4811-scaled.jpeg?fit=980%2C654&amp;ssl=1"},{"@type":"BreadcrumbList","@id":"https:\/\/healthyforkful.com\/es\/lentejas-con-setas-de-temporada\/#breadcrumb","itemListElement":[{"@type":"ListItem","position":1,"name":"Home","item":"https:\/\/healthyforkful.com\/es\/"},{"@type":"ListItem","position":2,"name":"Recetas","item":"https:\/\/healthyforkful.com\/es\/category\/recetas\/"},{"@type":"ListItem","position":3,"name":"Lentejas con setas de temporada"}]},{"@type":"WebSite","@id":"https:\/\/healthyforkful.com\/#website","url":"https:\/\/healthyforkful.com\/","name":"Healthy Forkful","description":"Recetas nutritivas y deliciosas ","publisher":{"@id":"https:\/\/healthyforkful.com\/#\/schema\/person\/36d13024a9c2682528a14123f097fb96"},"potentialAction":[{"@type":"SearchAction","target":{"@type":"EntryPoint","urlTemplate":"https:\/\/healthyforkful.com\/?s={search_term_string}"},"query-input":{"@type":"PropertyValueSpecification","valueRequired":true,"valueName":"search_term_string"}}],"inLanguage":"es"},{"@type":["Person","Organization"],"@id":"https:\/\/healthyforkful.com\/#\/schema\/person\/36d13024a9c2682528a14123f097fb96","name":"Maria","image":{"@type":"ImageObject","inLanguage":"es","@id":"https:\/\/healthyforkful.com\/#\/schema\/person\/image\/","url":"https:\/\/i0.wp.com\/www.healthyforkful.com\/wp-content\/uploads\/2017\/11\/Maria-Llamas.jpg?fit=200%2C200&ssl=1","contentUrl":"https:\/\/i0.wp.com\/www.healthyforkful.com\/wp-content\/uploads\/2017\/11\/Maria-Llamas.jpg?fit=200%2C200&ssl=1","width":200,"height":200,"caption":"Maria"},"logo":{"@id":"https:\/\/healthyforkful.com\/#\/schema\/person\/image\/"},"sameAs":["https:\/\/healthyforkful.com\/","www.facebook.com\/healthyforkful"]}]}},"jetpack_publicize_connections":[],"jetpack_featured_media_url":"","jetpack_sharing_enabled":true,"jetpack_shortlink":"https:\/\/wp.me\/p8n1Ll-1gI","jetpack-related-posts":[{"id":5357,"url":"https:\/\/healthyforkful.com\/es\/lentejas-champinon-huevo\/","url_meta":{"origin":4880,"position":0},"title":"Lentejas con champi\u00f1\u00f3n y huevo poch\u00e9","author":"Maria","date":"","format":false,"excerpt":"\u00bfOs apetecen estas lentejas con champi\u00f1ones y huevos poch\u00e9 para cenar? En casa las legumbres han sido una comida de mediod\u00eda. La raz\u00f3n no la tengo muy segura. No se si ser\u00eda porque su digesti\u00f3n es m\u00e1s pesada, porque cre\u00edamos que aportan m\u00e1s calor\u00edas o simplemente porque mi madre ten\u00eda\u2026","rel":"","context":"En \u00abPrincipales\u00bb","block_context":{"text":"Principales","link":"https:\/\/healthyforkful.com\/es\/category\/principales\/"},"img":{"alt_text":"","src":"https:\/\/i0.wp.com\/healthyforkful.com\/wp-content\/uploads\/2020\/10\/lentejas-con-champin%CC%83o%CC%81n-y-huevo-poche%CC%81.jpg?fit=768%2C768&ssl=1&resize=350%2C200","width":350,"height":200,"srcset":"https:\/\/i0.wp.com\/healthyforkful.com\/wp-content\/uploads\/2020\/10\/lentejas-con-champin%CC%83o%CC%81n-y-huevo-poche%CC%81.jpg?fit=768%2C768&ssl=1&resize=350%2C200 1x, https:\/\/i0.wp.com\/healthyforkful.com\/wp-content\/uploads\/2020\/10\/lentejas-con-champin%CC%83o%CC%81n-y-huevo-poche%CC%81.jpg?fit=768%2C768&ssl=1&resize=525%2C300 1.5x, https:\/\/i0.wp.com\/healthyforkful.com\/wp-content\/uploads\/2020\/10\/lentejas-con-champin%CC%83o%CC%81n-y-huevo-poche%CC%81.jpg?fit=768%2C768&ssl=1&resize=700%2C400 2x"},"classes":[]},{"id":3378,"url":"https:\/\/healthyforkful.com\/es\/root-vegetables-stew\/","url_meta":{"origin":4880,"position":1},"title":"Estofado de Oto\u00f1o","author":"Maria","date":"","format":false,"excerpt":"\u00a1Feliz oto\u00f1o! Hoy, 22 de septiembre, damos oficialmente la bienvenida al comienzo de la nueva temporada. Ya te dije cu\u00e1nto amo el oto\u00f1o. Los \u00e1rboles y los bosques se convierten de un m\u00e1gico color rojizo que te hace sentir en una pel\u00edcula; el aire es m\u00e1s fr\u00edo; quedarse viendo pel\u00edculas\u2026","rel":"","context":"En \u00abPrincipales\u00bb","block_context":{"text":"Principales","link":"https:\/\/healthyforkful.com\/es\/category\/principales\/"},"img":{"alt_text":"","src":"https:\/\/i0.wp.com\/healthyforkful.com\/wp-content\/uploads\/2017\/09\/root-vegetables-stew.jpg?fit=900%2C1200&ssl=1&resize=350%2C200","width":350,"height":200,"srcset":"https:\/\/i0.wp.com\/healthyforkful.com\/wp-content\/uploads\/2017\/09\/root-vegetables-stew.jpg?fit=900%2C1200&ssl=1&resize=350%2C200 1x, https:\/\/i0.wp.com\/healthyforkful.com\/wp-content\/uploads\/2017\/09\/root-vegetables-stew.jpg?fit=900%2C1200&ssl=1&resize=525%2C300 1.5x, https:\/\/i0.wp.com\/healthyforkful.com\/wp-content\/uploads\/2017\/09\/root-vegetables-stew.jpg?fit=900%2C1200&ssl=1&resize=700%2C400 2x"},"classes":[]},{"id":6001,"url":"https:\/\/healthyforkful.com\/es\/como-preparar-dhal\/","url_meta":{"origin":4880,"position":2},"title":"C\u00f3mo preparar dhal, dahl o dal, un viaje a la cocina India","author":"Maria","date":"","format":false,"excerpt":"A los que les gusta la comida del sur de Asia, especialmente la comida India, ya estar\u00e1n familiarizados con el plato que os traigo hoy, el Dhal. Lo recuerdo de mi viaje a Sri Lanka hace unos cuantos a\u00f1os ya. Se serv\u00eda durante todo el d\u00eda, para desayuno, almuerzo, merienda\u2026","rel":"","context":"En \u00abPrincipales\u00bb","block_context":{"text":"Principales","link":"https:\/\/healthyforkful.com\/es\/category\/principales\/"},"img":{"alt_text":"Dahl","src":"https:\/\/i0.wp.com\/healthyforkful.com\/wp-content\/uploads\/2017\/06\/Dhal.jpg?fit=1200%2C1038&ssl=1&resize=350%2C200","width":350,"height":200,"srcset":"https:\/\/i0.wp.com\/healthyforkful.com\/wp-content\/uploads\/2017\/06\/Dhal.jpg?fit=1200%2C1038&ssl=1&resize=350%2C200 1x, https:\/\/i0.wp.com\/healthyforkful.com\/wp-content\/uploads\/2017\/06\/Dhal.jpg?fit=1200%2C1038&ssl=1&resize=525%2C300 1.5x, https:\/\/i0.wp.com\/healthyforkful.com\/wp-content\/uploads\/2017\/06\/Dhal.jpg?fit=1200%2C1038&ssl=1&resize=700%2C400 2x, https:\/\/i0.wp.com\/healthyforkful.com\/wp-content\/uploads\/2017\/06\/Dhal.jpg?fit=1200%2C1038&ssl=1&resize=1050%2C600 3x"},"classes":[]},{"id":3718,"url":"https:\/\/healthyforkful.com\/es\/sambar-brocoli-calabaza\/","url_meta":{"origin":4880,"position":3},"title":"Sambar de br\u00f3coli y calabaza","author":"Maria","date":"","format":false,"excerpt":"Uno de los muchos recuerdos de mi viaje a Sri Lanka hace unos a\u00f1os, son todos los diferentes platos coloridos y las ricas especias. Era como tener fuegos artificiales en el plato, incre\u00edbles y deliciosos, tan vibrantes y sabrosos. Sambar se refiere a un tipo de preparaci\u00f3n com\u00fan en Sri\u2026","rel":"","context":"En \u00abPrincipales\u00bb","block_context":{"text":"Principales","link":"https:\/\/healthyforkful.com\/es\/category\/principales\/"},"img":{"alt_text":"","src":"https:\/\/i0.wp.com\/healthyforkful.com\/wp-content\/uploads\/2017\/11\/sambar-cuadrada.jpg?fit=973%2C973&ssl=1&resize=350%2C200","width":350,"height":200,"srcset":"https:\/\/i0.wp.com\/healthyforkful.com\/wp-content\/uploads\/2017\/11\/sambar-cuadrada.jpg?fit=973%2C973&ssl=1&resize=350%2C200 1x, https:\/\/i0.wp.com\/healthyforkful.com\/wp-content\/uploads\/2017\/11\/sambar-cuadrada.jpg?fit=973%2C973&ssl=1&resize=525%2C300 1.5x, https:\/\/i0.wp.com\/healthyforkful.com\/wp-content\/uploads\/2017\/11\/sambar-cuadrada.jpg?fit=973%2C973&ssl=1&resize=700%2C400 2x"},"classes":[]},{"id":5962,"url":"https:\/\/healthyforkful.com\/es\/tus-sopas-y-cremas-a-otro-nivel\/","url_meta":{"origin":4880,"position":4},"title":"Sube tus cremas y sopas a otro nivel \ud83d\udd1d","author":"Maria","date":"","format":false,"excerpt":"\u00bfEst\u00e1s cansada de las t\u00edpicas\u00a0sopas\u00a0y cremas aburridas\ud83c\udf72? Eso es porque les falta el componente estrella... \u2800\u2800\u2800\u2800\u2800\u2800\u2800\u2800\u2800\u2800\u2800\u2800\u2800\u2800\u2800\u2800\u2800\u2800Estamos en plena temporada de sopas y cremas. Y para m\u00ed, no hay cosa m\u00e1s reconfortante que calentarte las manos fr\u00edas con un cuenco o taza de crema, caldo, sopa bien calentito \u00bfno te parece?\u2800\u2800\u2800\u2800\u2800\u2800\u2800\u2800\u2800\u2800\u2800\u2800\u2800\u2800\u2800\u2800\u2800\u2800Aunque\u2026","rel":"","context":"En \u00abH\u00e1bitos Saludables\u00bb","block_context":{"text":"H\u00e1bitos Saludables","link":"https:\/\/healthyforkful.com\/es\/category\/habitos-saludables\/"},"img":{"alt_text":"","src":"https:\/\/i0.wp.com\/healthyforkful.com\/wp-content\/uploads\/2017\/12\/Sw-Potato-Soup-reducida.jpg?fit=900%2C1200&ssl=1&resize=350%2C200","width":350,"height":200,"srcset":"https:\/\/i0.wp.com\/healthyforkful.com\/wp-content\/uploads\/2017\/12\/Sw-Potato-Soup-reducida.jpg?fit=900%2C1200&ssl=1&resize=350%2C200 1x, https:\/\/i0.wp.com\/healthyforkful.com\/wp-content\/uploads\/2017\/12\/Sw-Potato-Soup-reducida.jpg?fit=900%2C1200&ssl=1&resize=525%2C300 1.5x, https:\/\/i0.wp.com\/healthyforkful.com\/wp-content\/uploads\/2017\/12\/Sw-Potato-Soup-reducida.jpg?fit=900%2C1200&ssl=1&resize=700%2C400 2x"},"classes":[]},{"id":3022,"url":"https:\/\/healthyforkful.com\/es\/lasana-de-berenjena-y-lentejas-vegana-sin-gluten-y-deliciosa\/","url_meta":{"origin":4880,"position":5},"title":"Lasa\u00f1a de Berenjena y Lentejas | Vegana, Sin Gluten y Deliciosa!","author":"Maria","date":"","format":false,"excerpt":"\u00bfTe encanta la lasa\u00f1a pero la evitas porque es rica en carbohidratos simples, eres cel\u00edacao o porque tanto queso te enferma? No te vayas demasiado lejos, \u00a1tengo la soluci\u00f3n perfecta para ti! \u00a1Un par de cambios sencillos en la receta tradicional y podr\u00e1s disfrutar de la lasa\u00f1a m\u00e1s deliciosa, sin\u2026","rel":"","context":"En \u00abPrincipales\u00bb","block_context":{"text":"Principales","link":"https:\/\/healthyforkful.com\/es\/category\/principales\/"},"img":{"alt_text":"Lasa\u00f1a de lentejas y berenjena","src":"https:\/\/i0.wp.com\/healthyforkful.com\/wp-content\/uploads\/2018\/03\/Aubergine-Lentil-Lasagne-1.jpeg?fit=900%2C1200&ssl=1&resize=350%2C200","width":350,"height":200,"srcset":"https:\/\/i0.wp.com\/healthyforkful.com\/wp-content\/uploads\/2018\/03\/Aubergine-Lentil-Lasagne-1.jpeg?fit=900%2C1200&ssl=1&resize=350%2C200 1x, https:\/\/i0.wp.com\/healthyforkful.com\/wp-content\/uploads\/2018\/03\/Aubergine-Lentil-Lasagne-1.jpeg?fit=900%2C1200&ssl=1&resize=525%2C300 1.5x, https:\/\/i0.wp.com\/healthyforkful.com\/wp-content\/uploads\/2018\/03\/Aubergine-Lentil-Lasagne-1.jpeg?fit=900%2C1200&ssl=1&resize=700%2C400 2x"},"classes":[]}],"jetpack_likes_enabled":true,"amp_enabled":true,"_links":{"self":[{"href":"https:\/\/healthyforkful.com\/es\/wp-json\/wp\/v2\/posts\/4880\/"}],"collection":[{"href":"https:\/\/healthyforkful.com\/es\/wp-json\/wp\/v2\/posts\/"}],"about":[{"href":"https:\/\/healthyforkful.com\/es\/wp-json\/wp\/v2\/types\/post\/"}],"author":[{"embeddable":true,"href":"https:\/\/healthyforkful.com\/es\/wp-json\/wp\/v2\/users\/1\/"}],"replies":[{"embeddable":true,"href":"https:\/\/healthyforkful.com\/es\/wp-json\/wp\/v2\/comments\/?post=4880"}],"version-history":[{"count":1,"href":"https:\/\/healthyforkful.com\/es\/wp-json\/wp\/v2\/posts\/4880\/revisions\/"}],"predecessor-version":[{"id":4891,"href":"https:\/\/healthyforkful.com\/es\/wp-json\/wp\/v2\/posts\/4880\/revisions\/4891\/"}],"wp:attachment":[{"href":"https:\/\/healthyforkful.com\/es\/wp-json\/wp\/v2\/media\/?parent=4880"}],"wp:term":[{"taxonomy":"category","embeddable":true,"href":"https:\/\/healthyforkful.com\/es\/wp-json\/wp\/v2\/categories\/?post=4880"},{"taxonomy":"post_tag","embeddable":true,"href":"https:\/\/healthyforkful.com\/es\/wp-json\/wp\/v2\/tags\/?post=4880"}],"curies":[{"name":"wp","href":"https:\/\/api.w.org\/{rel}","templated":true}]}}