{"id":5214,"date":"2020-07-25T23:27:03","date_gmt":"2020-07-25T21:27:03","guid":{"rendered":"https:\/\/healthyforkful.com\/?p=5214"},"modified":"2020-08-12T19:16:09","modified_gmt":"2020-08-12T17:16:09","slug":"la-mejor-tarta-fria-de-queso","status":"publish","type":"post","link":"https:\/\/healthyforkful.com\/es\/la-mejor-tarta-fria-de-queso\/","title":{"rendered":"La mejor tarta fr\u00eda de queso"},"content":{"rendered":"\n<figure class=\"wp-block-image size-large\"><img data-recalc-dims=\"1\" fetchpriority=\"high\" decoding=\"async\" width=\"680\" height=\"1024\" src=\"https:\/\/i0.wp.com\/healthyforkful.com\/wp-content\/uploads\/2020\/07\/La-mejor-tarta-de-queso.jpg?resize=680%2C1024&#038;ssl=1\" alt=\"mejor tarta fr\u00eda de queso\" class=\"wp-image-5215\" srcset=\"https:\/\/i0.wp.com\/healthyforkful.com\/wp-content\/uploads\/2020\/07\/La-mejor-tarta-de-queso-scaled.jpg?resize=680%2C1024&amp;ssl=1 680w, https:\/\/i0.wp.com\/healthyforkful.com\/wp-content\/uploads\/2020\/07\/La-mejor-tarta-de-queso-scaled.jpg?resize=199%2C300&amp;ssl=1 199w, https:\/\/i0.wp.com\/healthyforkful.com\/wp-content\/uploads\/2020\/07\/La-mejor-tarta-de-queso-scaled.jpg?resize=768%2C1157&amp;ssl=1 768w, https:\/\/i0.wp.com\/healthyforkful.com\/wp-content\/uploads\/2020\/07\/La-mejor-tarta-de-queso-scaled.jpg?resize=1020%2C1536&amp;ssl=1 1020w, https:\/\/i0.wp.com\/healthyforkful.com\/wp-content\/uploads\/2020\/07\/La-mejor-tarta-de-queso-scaled.jpg?w=1360&amp;ssl=1 1360w\" sizes=\"(max-width: 680px) 100vw, 680px\" \/><\/figure>\n\n\n\n<p>Esta es la mejor tarta fr\u00eda de queso, al menos para m\u00ed. Aunque no lo digo solo yo, la verdad que gusta a todo el mundo y no es de extra\u00f1ar. Es cremosa, refrescante y est\u00e1 deliciosa \u00bflo hab\u00eda dicho ya?<\/p>\n\n\n\n<p>Hace muchos a\u00f1os que hago tarta fr\u00eda de queso. De hecho fue una de las primeras que aprend\u00ed a hacer cuando era peque\u00f1a. Esa primera tarta de gelatina de lim\u00f3n con base de sobaos mucho ha cambiado desde entonces&#8230; <\/p>\n\n\n\n<p>Y es que con el paso del tiempo todos cambiamos. Vamos creciendo. Descubriendo mundos nuevos. Gustos nuevos. Desarroll\u00e1ndonos hacia un yo mejor. Y lo mismo le ha pasado a esa tarta.<\/p>\n\n\n\n<p>He probado muchas versiones, con m\u00e1s queso que nata, con m\u00e1s nata, con la misma proporci\u00f3n. Con m\u00e1s gelatina, con menos gelatina, con alternativas a la gelatina&#8230; Hasta conseguir dar con esta tarta fr\u00eda, para mi \u00a1la mejor! Si, la mejor tarta fr\u00eda de queso que he hecho hasta ahora.<\/p>\n\n\n\n<figure class=\"wp-block-image size-large\"><img decoding=\"async\" width=\"1536\" height=\"2048\" src=\"https:\/\/i0.wp.com\/www.healthyforkful.com\/wp-content\/uploads\/2020\/07\/La-mejor-tarta-de-queso-en-vasitos-scaled.jpg?fit=768%2C1024&amp;ssl=1\" alt=\"Mejor tarta fr\u00eda de queso\" class=\"wp-image-5223\" srcset=\"https:\/\/i0.wp.com\/healthyforkful.com\/wp-content\/uploads\/2020\/07\/La-mejor-tarta-de-queso-en-vasitos-scaled.jpg?w=1536&amp;ssl=1 1536w, https:\/\/i0.wp.com\/healthyforkful.com\/wp-content\/uploads\/2020\/07\/La-mejor-tarta-de-queso-en-vasitos-scaled.jpg?resize=225%2C300&amp;ssl=1 225w, https:\/\/i0.wp.com\/healthyforkful.com\/wp-content\/uploads\/2020\/07\/La-mejor-tarta-de-queso-en-vasitos-scaled.jpg?resize=768%2C1024&amp;ssl=1 768w, https:\/\/i0.wp.com\/healthyforkful.com\/wp-content\/uploads\/2020\/07\/La-mejor-tarta-de-queso-en-vasitos-scaled.jpg?resize=1152%2C1536&amp;ssl=1 1152w\" sizes=\"(max-width: 980px) 100vw, 980px\" \/><\/figure>\n\n\n\n<p>Como bonus esta tarta es apta para celiacos y no necesita horno <img decoding=\"async\" height=\"16\" width=\"16\" data-insta_upload_ext_elem=\"1\" alt=\"\ud83c\udf89\" src=\"https:\/\/static.xx.fbcdn.net\/images\/emoji.php\/v9\/t8c\/1\/16\/1f389.png\"><img decoding=\"async\" height=\"16\" width=\"16\" data-insta_upload_ext_elem=\"1\" alt=\"\ud83c\udf89\" src=\"https:\/\/static.xx.fbcdn.net\/images\/emoji.php\/v9\/t8c\/1\/16\/1f389.png\">. Est\u00e1 genial porque es r\u00e1pida de preparar y el topping puedes cambiarlo f\u00e1cilmente. En la receta de hoy lo he servido con salsa de moras silvestres, pero tambi\u00e9n quedar\u00eda genial con una <a href=\"https:\/\/healthyforkful.com\/es\/peras-especiadas-con-caramelo-salado\/\">salsa de caramelo salado<\/a>.<\/p>\n\n\n\n<p>Si quieres hacerla m\u00e1s al estilo tradicional, en plan tarta grande, entonces necesitar\u00e1s a\u00f1adir agar agar para que se solidifique y pueda aguantarse. Lo tienes todo explicado en la receta \ud83d\ude09<\/p>\n\n\n<div id=\"recipe\"><\/div><div id=\"wprm-recipe-container-5217\" class=\"wprm-recipe-container\" data-recipe-id=\"5217\" data-servings=\"0\"><div class=\"wprm-recipe wprm-recipe-tastefully-simple\">\n\t<div class=\"wprm-recipe-image-container\">\n\t\t\t\t<div class=\"wprm-recipe-image\"><img loading=\"lazy\" decoding=\"async\" width=\"150\" height=\"150\" src=\"https:\/\/i0.wp.com\/healthyforkful.com\/wp-content\/uploads\/2020\/07\/La-mejor-tarta-de-queso-scaled.jpg?resize=150%2C150&amp;ssl=1\" class=\"attachment-thumbnail size-thumbnail\" alt=\"\" srcset=\"https:\/\/i0.wp.com\/healthyforkful.com\/wp-content\/uploads\/2020\/07\/La-mejor-tarta-de-queso-scaled.jpg?resize=150%2C150&amp;ssl=1 150w, https:\/\/i0.wp.com\/healthyforkful.com\/wp-content\/uploads\/2020\/07\/La-mejor-tarta-de-queso-scaled.jpg?resize=500%2C500&amp;ssl=1 500w, https:\/\/i0.wp.com\/healthyforkful.com\/wp-content\/uploads\/2020\/07\/La-mejor-tarta-de-queso-scaled.jpg?resize=320%2C320&amp;ssl=1 320w, https:\/\/i0.wp.com\/healthyforkful.com\/wp-content\/uploads\/2020\/07\/La-mejor-tarta-de-queso-scaled.jpg?zoom=3&amp;resize=150%2C150&amp;ssl=1 450w\" sizes=\"(max-width: 150px) 100vw, 150px\" data-attachment-id=\"5215\" data-permalink=\"https:\/\/healthyforkful.com\/es\/la-mejor-tarta-fria-de-queso\/la-mejor-tarta-de-queso\/\" data-orig-file=\"https:\/\/i0.wp.com\/healthyforkful.com\/wp-content\/uploads\/2020\/07\/La-mejor-tarta-de-queso-scaled.jpg?fit=1360%2C2048&amp;ssl=1\" data-orig-size=\"1360,2048\" data-comments-opened=\"1\" data-image-meta=\"{&quot;aperture&quot;:&quot;2.2&quot;,&quot;credit&quot;:&quot;&quot;,&quot;camera&quot;:&quot;iPhone SE&quot;,&quot;caption&quot;:&quot;&quot;,&quot;created_timestamp&quot;:&quot;1595716689&quot;,&quot;copyright&quot;:&quot;&quot;,&quot;focal_length&quot;:&quot;4.15&quot;,&quot;iso&quot;:&quot;40&quot;,&quot;shutter_speed&quot;:&quot;0.01&quot;,&quot;title&quot;:&quot;&quot;,&quot;orientation&quot;:&quot;1&quot;}\" data-image-title=\"La mejor tarta de queso\" data-image-description=\"\" data-image-caption=\"\" data-medium-file=\"https:\/\/i0.wp.com\/healthyforkful.com\/wp-content\/uploads\/2020\/07\/La-mejor-tarta-de-queso-scaled.jpg?fit=199%2C300&amp;ssl=1\" data-large-file=\"https:\/\/i0.wp.com\/healthyforkful.com\/wp-content\/uploads\/2020\/07\/La-mejor-tarta-de-queso-scaled.jpg?fit=680%2C1024&amp;ssl=1\" \/><\/div>\n\t\t<div class=\"wprm-recipe-buttons\">\n\t\t\t<a href=\"https:\/\/healthyforkful.com\/es\/wprm_print\/tarta-de-queso-en-vasitos\" class=\"wprm-recipe-print wprm-color-accent\" target=\"_blank\" rel=\"nofollow\">Imprimir<\/a>\n\t\t<\/div>\n\t<\/div>\n\t<div class=\"wprm-recipe-name wprm-color-header\">Tarta de queso en vasitos<\/div>\n\t\t<div class=\"wprm-recipe-summary\">\n\t\t<p>Deliciosa tarta de queso servida en vasitos, que se prepara en un visto y no visto. Con un ligero ajuste, puedes adaptarla para hacer una tarta de queso grande.<\/p>\t<\/div>\n\t<div class=\"wprm-recipe-details-container\">\n\t\t\t\t\t<div class=\"wprm-recipe-course-container\">\n\t\t\t\t<span class=\"wprm-recipe-details-name wprm-recipe-course-name\">Plato:<\/span>\n\t\t\t\t<span class=\"wprm-recipe-course\">\n\t\t\t\t\tdulces\t\t\t\t<\/span>\n\t\t\t<\/div>\n\t\t\t\t\t<div class=\"wprm-recipe-keyword-container\">\n\t\t\t\t<span class=\"wprm-recipe-details-name wprm-recipe-keyword-name\">Keyword:<\/span>\n\t\t\t\t<span class=\"wprm-recipe-keyword\">\n\t\t\t\t\tdulce, queso, tarta\t\t\t\t<\/span>\n\t\t\t<\/div>\n\t\t\t\t\t\t\t\t\t<\/div>\n\n\t\t<div class=\"wprm-recipe-ingredients-container\">\n\t\t<div class=\"wprm-recipe-header wprm-color-header\">Ingredientes<\/div>\n\t\t\t\t<div class=\"wprm-recipe-ingredient-group\">\n\t\t\t\t\t\t<div class=\"wprm-recipe-group-name wprm-recipe-ingredient-group-name\">Para la base<\/div>\n\t\t\t\t\t\t<ul class=\"wprm-recipe-ingredients\">\n\t\t\t\t\t\t\t\t<li class=\"wprm-recipe-ingredient\">\n\t\t\t\t\t\t\t\t\t\t<span class=\"wprm-recipe-ingredient-amount\">55<\/span>\n\t\t\t\t\t\t\t\t\t\t\t\t\t\t\t<span class=\"wprm-recipe-ingredient-unit\">gramos<\/span>\n\t\t\t\t\t\t\t\t\t\t<span class=\"wprm-recipe-ingredient-name\">almendras crudas<\/span>\n\t\t\t\t\t\t\t\t\t<\/li>\n\t\t\t\t\t\t\t\t<li class=\"wprm-recipe-ingredient\">\n\t\t\t\t\t\t\t\t\t\t<span class=\"wprm-recipe-ingredient-amount\">55<\/span>\n\t\t\t\t\t\t\t\t\t\t\t\t\t\t\t<span class=\"wprm-recipe-ingredient-unit\">gramos<\/span>\n\t\t\t\t\t\t\t\t\t\t<span class=\"wprm-recipe-ingredient-name\">nueces peladas<\/span>\n\t\t\t\t\t\t\t\t\t<\/li>\n\t\t\t\t\t\t\t\t<li class=\"wprm-recipe-ingredient\">\n\t\t\t\t\t\t\t\t\t\t<span class=\"wprm-recipe-ingredient-amount\">110<\/span>\n\t\t\t\t\t\t\t\t\t\t\t\t\t\t\t<span class=\"wprm-recipe-ingredient-unit\">gramos<\/span>\n\t\t\t\t\t\t\t\t\t\t<span class=\"wprm-recipe-ingredient-name\">copos de avena<\/span>\n\t\t\t\t\t\t\t\t\t<\/li>\n\t\t\t\t\t\t\t\t<li class=\"wprm-recipe-ingredient\">\n\t\t\t\t\t\t\t\t\t\t<span class=\"wprm-recipe-ingredient-amount\">75<\/span>\n\t\t\t\t\t\t\t\t\t\t\t\t\t\t\t<span class=\"wprm-recipe-ingredient-unit\">gramos<\/span>\n\t\t\t\t\t\t\t\t\t\t<span class=\"wprm-recipe-ingredient-name\">pasas sultanas<\/span>\n\t\t\t\t\t\t\t\t\t<\/li>\n\t\t\t\t\t\t\t<\/ul>\n\t\t<\/div>\n\t \t\t<div class=\"wprm-recipe-ingredient-group\">\n\t\t\t\t\t\t<div class=\"wprm-recipe-group-name wprm-recipe-ingredient-group-name\">Para el relleno<\/div>\n\t\t\t\t\t\t<ul class=\"wprm-recipe-ingredients\">\n\t\t\t\t\t\t\t\t<li class=\"wprm-recipe-ingredient\">\n\t\t\t\t\t\t\t\t\t\t<span class=\"wprm-recipe-ingredient-amount\">400<\/span>\n\t\t\t\t\t\t\t\t\t\t\t\t\t\t\t<span class=\"wprm-recipe-ingredient-unit\">gramos <\/span>\n\t\t\t\t\t\t\t\t\t\t<span class=\"wprm-recipe-ingredient-name\">queso cremoso<\/span>\n\t\t\t\t\t\t\t\t\t<\/li>\n\t\t\t\t\t\t\t\t<li class=\"wprm-recipe-ingredient\">\n\t\t\t\t\t\t\t\t\t\t<span class=\"wprm-recipe-ingredient-amount\">200<\/span>\n\t\t\t\t\t\t\t\t\t\t\t\t\t\t\t<span class=\"wprm-recipe-ingredient-unit\">gramos<\/span>\n\t\t\t\t\t\t\t\t\t\t<span class=\"wprm-recipe-ingredient-name\">queso mascarpone<\/span>\n\t\t\t\t\t\t\t\t\t<\/li>\n\t\t\t\t\t\t\t\t<li class=\"wprm-recipe-ingredient\">\n\t\t\t\t\t\t\t\t\t\t<span class=\"wprm-recipe-ingredient-amount\">500<\/span>\n\t\t\t\t\t\t\t\t\t\t\t\t\t\t\t<span class=\"wprm-recipe-ingredient-unit\">gramos<\/span>\n\t\t\t\t\t\t\t\t\t\t<span class=\"wprm-recipe-ingredient-name\">nata para montar<\/span>\n\t\t\t\t\t\t\t\t\t\t<span class=\"wprm-recipe-ingredient-notes\">o nata de coco o yogur de coco<\/span>\n\t\t\t\t\t\t\t\t\t<\/li>\n\t\t\t\t\t\t\t\t<li class=\"wprm-recipe-ingredient\">\n\t\t\t\t\t\t\t\t\t\t<span class=\"wprm-recipe-ingredient-amount\">50<\/span>\n\t\t\t\t\t\t\t\t\t\t\t\t\t\t\t<span class=\"wprm-recipe-ingredient-unit\">gramos<\/span>\n\t\t\t\t\t\t\t\t\t\t<span class=\"wprm-recipe-ingredient-name\">miel <\/span>\n\t\t\t\t\t\t\t\t\t\t<span class=\"wprm-recipe-ingredient-notes\">o sirope de arroz malteado<\/span>\n\t\t\t\t\t\t\t\t\t<\/li>\n\t\t\t\t\t\t\t\t<li class=\"wprm-recipe-ingredient\">\n\t\t\t\t\t\t\t\t\t\t<span class=\"wprm-recipe-ingredient-amount\">1\/2<\/span>\n\t\t\t\t\t\t\t\t\t\t\t\t\t\t\t<span class=\"wprm-recipe-ingredient-name\">vaina de vainilla (las semillas del interior)<\/span>\n\t\t\t\t\t\t\t\t\t<\/li>\n\t\t\t\t\t\t\t<\/ul>\n\t\t<\/div>\n\t \t\t<div class=\"wprm-recipe-ingredient-group\">\n\t\t\t\t\t\t<div class=\"wprm-recipe-group-name wprm-recipe-ingredient-group-name\">Para la salsa de moras<\/div>\n\t\t\t\t\t\t<ul class=\"wprm-recipe-ingredients\">\n\t\t\t\t\t\t\t\t<li class=\"wprm-recipe-ingredient\">\n\t\t\t\t\t\t\t\t\t\t<span class=\"wprm-recipe-ingredient-amount\">300<\/span>\n\t\t\t\t\t\t\t\t\t\t\t\t\t\t\t<span class=\"wprm-recipe-ingredient-unit\">gramos <\/span>\n\t\t\t\t\t\t\t\t\t\t<span class=\"wprm-recipe-ingredient-name\">moras silvestres<\/span>\n\t\t\t\t\t\t\t\t\t\t<span class=\"wprm-recipe-ingredient-notes\">o de frutos del bosque, frambuesas o fresas<\/span>\n\t\t\t\t\t\t\t\t\t<\/li>\n\t\t\t\t\t\t\t\t<li class=\"wprm-recipe-ingredient\">\n\t\t\t\t\t\t\t\t\t\t<span class=\"wprm-recipe-ingredient-amount\">1\/2<\/span>\n\t\t\t\t\t\t\t\t\t\t\t\t\t\t\t<span class=\"wprm-recipe-ingredient-name\">lim\u00f3n<\/span>\n\t\t\t\t\t\t\t\t\t\t<span class=\"wprm-recipe-ingredient-notes\">zumo<\/span>\n\t\t\t\t\t\t\t\t\t<\/li>\n\t\t\t\t\t\t\t\t<li class=\"wprm-recipe-ingredient\">\n\t\t\t\t\t\t\t\t\t\t<span class=\"wprm-recipe-ingredient-amount\">1<\/span>\n\t\t\t\t\t\t\t\t\t\t\t\t\t\t\t<span class=\"wprm-recipe-ingredient-unit\">cucharada <\/span>\n\t\t\t\t\t\t\t\t\t\t<span class=\"wprm-recipe-ingredient-name\">miel<\/span>\n\t\t\t\t\t\t\t\t\t<\/li>\n\t\t\t\t\t\t\t<\/ul>\n\t\t<\/div>\n\t \t\t<div class=\"wprm-recipe-ingredient-group\">\n\t\t\t\t\t\t<div class=\"wprm-recipe-group-name wprm-recipe-ingredient-group-name\">Para servir<\/div>\n\t\t\t\t\t\t<ul class=\"wprm-recipe-ingredients\">\n\t\t\t\t\t\t\t\t<li class=\"wprm-recipe-ingredient\">\n\t\t\t\t\t\t\t\t\t\t\t\t\t\t\t<span class=\"wprm-recipe-ingredient-name\">moras frescas<\/span>\n\t\t\t\t\t\t\t\t\t\t<span class=\"wprm-recipe-ingredient-notes\">o frambuesas o fresas<\/span>\n\t\t\t\t\t\t\t\t\t<\/li>\n\t\t\t\t\t\t\t\t<li class=\"wprm-recipe-ingredient\">\n\t\t\t\t\t\t\t\t\t\t\t\t\t\t\t<span class=\"wprm-recipe-ingredient-name\">hojas de menta fresca<\/span>\n\t\t\t\t\t\t\t\t\t<\/li>\n\t\t\t\t\t\t\t<\/ul>\n\t\t<\/div>\n\t \t \t<\/div>\n\t\t\t<div class=\"wprm-recipe-instructions-container\">\n\t\t<div class=\"wprm-recipe-header wprm-color-header\">Elaboraci\u00f3n paso a paso<\/div>\n\t\t\t\t<div class=\"wprm-recipe-instruction-group\">\n\t\t\t\t\t\t<div class=\"wprm-recipe-group-name wprm-recipe-instruction-group-name\">Para la salsa de moras silvestres<\/div>\n\t\t\t\t\t\t<ol class=\"wprm-recipe-instructions\">\n\t\t\t\t\t\t\t\t<li class=\"wprm-recipe-instruction\">\n\t\t\t\t\t\t\t\t\t\t<div class=\"wprm-recipe-instruction-text\"><p>Ponemos todos los ingredientes en un cazo a fuego medio, dejamos hervir unos 5-10 minutos hasta que espese. Trituramos con una batidora. Deja enfriar.<\/p><\/div>\n\t\t\t\t\t\t\t\t\t\t\t\t\t\t<\/li>\n\t\t\t\t\t\t\t<\/ol>\n\t\t<\/div>\n\t\t\t\t<div class=\"wprm-recipe-instruction-group\">\n\t\t\t\t\t\t<div class=\"wprm-recipe-group-name wprm-recipe-instruction-group-name\">Para la base<\/div>\n\t\t\t\t\t\t<ol class=\"wprm-recipe-instructions\">\n\t\t\t\t\t\t\t\t<li class=\"wprm-recipe-instruction\">\n\t\t\t\t\t\t\t\t\t\t<div class=\"wprm-recipe-instruction-text\"><p>En una picadora, tritura las almendras, nueces y avena primero. Cuando queden con textura de pan rallado, a\u00f1ade las pasas y tritura hasta obtener una picada que al cogerla con la mano y apretarla se pegue.<\/p><p>Si quieres darle un toque crujiente, puedes picarlo menos para que queden trocitos m\u00e1s grandes.<\/p><\/div>\n\t\t\t\t\t\t\t\t\t\t\t\t\t\t<\/li>\n\t\t\t\t\t\t\t\t<li class=\"wprm-recipe-instruction\">\n\t\t\t\t\t\t\t\t\t\t<div class=\"wprm-recipe-instruction-text\"><p>Cubrir las bases de los vasitos individuales, aplastar un poco y dejar enfriar.<\/p><\/div>\n\t\t\t\t\t\t\t\t\t\t\t\t\t\t<\/li>\n\t\t\t\t\t\t\t<\/ol>\n\t\t<\/div>\n\t\t\t\t<div class=\"wprm-recipe-instruction-group\">\n\t\t\t\t\t\t<div class=\"wprm-recipe-group-name wprm-recipe-instruction-group-name\">Para el relleno<\/div>\n\t\t\t\t\t\t<ol class=\"wprm-recipe-instructions\">\n\t\t\t\t\t\t\t\t<li class=\"wprm-recipe-instruction\">\n\t\t\t\t\t\t\t\t\t\t<div class=\"wprm-recipe-instruction-text\"><p>Monta ligeramente la nata.<\/p><\/div>\n\t\t\t\t\t\t\t\t\t\t\t\t\t\t<\/li>\n\t\t\t\t\t\t\t\t<li class=\"wprm-recipe-instruction\">\n\t\t\t\t\t\t\t\t\t\t<div class=\"wprm-recipe-instruction-text\"><p>Bate los quesos con la vainilla y la miel. Incorpora la nata y mezcla bien.<\/p><\/div>\n\t\t\t\t\t\t\t\t\t\t\t\t\t\t<\/li>\n\t\t\t\t\t\t\t\t<li class=\"wprm-recipe-instruction\">\n\t\t\t\t\t\t\t\t\t\t<div class=\"wprm-recipe-instruction-text\"><p>Vierte sobre las bases previamente preparadas.<\/p><\/div>\n\t\t\t\t\t\t\t\t\t\t\t\t\t\t<\/li>\n\t\t\t\t\t\t\t<\/ol>\n\t\t<\/div>\n\t\t\t\t<div class=\"wprm-recipe-instruction-group\">\n\t\t\t\t\t\t<div class=\"wprm-recipe-group-name wprm-recipe-instruction-group-name\">Para servir<\/div>\n\t\t\t\t\t\t<ol class=\"wprm-recipe-instructions\">\n\t\t\t\t\t\t\t\t<li class=\"wprm-recipe-instruction\">\n\t\t\t\t\t\t\t\t\t\t<div class=\"wprm-recipe-instruction-text\"><p>Sirve con la salsa de moras silvestres, y decora con unas moras y unas hojas de menta<\/p><\/div>\n\t\t\t\t\t\t\t\t\t\t\t\t\t\t<\/li>\n\t\t\t\t\t\t\t<\/ol>\n\t\t<\/div>\n\t\t\t<\/div>\n\t\t\t\t<div class=\"wprm-recipe-notes-container\">\n\t\t<div class=\"wprm-recipe-header wprm-color-header\">Notas de la Receta<\/div>\n\t\t<p>Si quieres preparar una tarta grande (de 18 cent\u00edmetros de di\u00e1metro) necesitar\u00e1s a\u00f1adir agar agar al relleno para que solidifique y aguante bien la forma.<\/p>\n<p>Para ello, bate los quesos con la miel y vainilla, a\u00f1ade la nata y mezcla. Ponlo todo en un cazo y espolvorea en forma de lluvia 3 gramos de agar agar. Enciende el fuego a media potencia y calienta, removiendo con suavidad para que el agar agar no se vaya al fondo del cazo.<\/p>\n<p>Cuando pasen dos minutos apaga el fuego y vierte sobre el molde previamente preparado con la base.<\/p>\n\t<\/div>\n\t\t<\/div>\n<\/div><!-- AddThis Advanced Settings generic via filter on the_content --><!-- AddThis Share Buttons generic via filter on the_content -->","protected":false},"excerpt":{"rendered":"<p>Esta es la mejor tarta fr\u00eda de queso, al menos para m\u00ed. Aunque no lo digo solo yo, la verdad que gusta a todo el mundo y no es de extra\u00f1ar. Es cremosa, refrescante y est\u00e1 deliciosa \u00bflo hab\u00eda dicho ya? Hace muchos a\u00f1os que hago tarta fr\u00eda de queso. De hecho fue una de&#8230;<!-- AddThis Advanced Settings generic via filter on get_the_excerpt --><!-- AddThis Share Buttons generic via filter on get_the_excerpt --><\/p>\n<p><a class=\"more-link\" href=\"https:\/\/healthyforkful.com\/es\/la-mejor-tarta-fria-de-queso\/\">Read More<\/a><\/p>","protected":false},"author":1,"featured_media":5215,"comment_status":"open","ping_status":"open","sticky":false,"template":"","format":"standard","meta":{"wprm-recipe-roundup-name":"","wprm-recipe-roundup-description":"","_monsterinsights_skip_tracking":false,"_monsterinsights_sitenote_active":false,"_monsterinsights_sitenote_note":"","_monsterinsights_sitenote_category":0,"_genesis_hide_title":false,"_genesis_hide_breadcrumbs":false,"_genesis_hide_singular_image":false,"_genesis_hide_footer_widgets":false,"_genesis_custom_body_class":"","_genesis_custom_post_class":"","_genesis_layout":"","jetpack_post_was_ever_published":false,"_jetpack_newsletter_access":"","_jetpack_dont_email_post_to_subs":false,"_jetpack_newsletter_tier_id":0,"_jetpack_memberships_contains_paywalled_content":false,"_jetpack_memberships_contains_paid_content":false,"footnotes":"","jetpack_publicize_message":"","jetpack_publicize_feature_enabled":true,"jetpack_social_post_already_shared":true,"jetpack_social_options":{"image_generator_settings":{"template":"highway","default_image_id":0,"font":"","enabled":false},"version":2}},"categories":[841,831],"tags":[2914,2851,2912,2308,1838,2345],"class_list":{"0":"post-5214","1":"post","2":"type-post","3":"status-publish","4":"format-standard","5":"has-post-thumbnail","7":"category-recetas","8":"category-tartas-y-postres","9":"tag-agar-agar","10":"tag-dulce","11":"tag-postre","12":"tag-queso-2","13":"tag-refrescante","14":"tag-tarta","15":"entry"},"yoast_head":"<!-- This site is optimized with the Yoast SEO plugin v26.8 - https:\/\/yoast.com\/product\/yoast-seo-wordpress\/ -->\n<title>La mejor tarta de queso en vasitos | Healthy Forkful<\/title>\n<meta name=\"description\" content=\"Esta es la mejor tarta fr\u00eda de queso, al menos para m\u00ed. Aunque no lo digo solo yo, la verdad que gusta a todo el mundo y no es de extra\u00f1ar. Es cremosa,\" \/>\n<meta name=\"robots\" content=\"index, follow, max-snippet:-1, max-image-preview:large, max-video-preview:-1\" \/>\n<link rel=\"canonical\" href=\"https:\/\/healthyforkful.com\/es\/la-mejor-tarta-fria-de-queso\/\" \/>\n<meta property=\"og:locale\" content=\"es_ES\" \/>\n<meta property=\"og:type\" content=\"article\" \/>\n<meta property=\"og:title\" content=\"La mejor tarta de queso en vasitos | Healthy Forkful\" \/>\n<meta property=\"og:description\" content=\"Esta es la mejor tarta fr\u00eda de queso, al menos para m\u00ed. Aunque no lo digo solo yo, la verdad que gusta a todo el mundo y no es de extra\u00f1ar. Es cremosa,\" \/>\n<meta property=\"og:url\" content=\"https:\/\/healthyforkful.com\/es\/la-mejor-tarta-fria-de-queso\/\" \/>\n<meta property=\"og:site_name\" content=\"Healthy Forkful\" \/>\n<meta property=\"article:publisher\" content=\"www.facebook.com\/healthyforkful\" \/>\n<meta property=\"article:author\" content=\"www.facebook.com\/healthyforkful\" \/>\n<meta property=\"article:published_time\" content=\"2020-07-25T21:27:03+00:00\" \/>\n<meta property=\"article:modified_time\" content=\"2020-08-12T17:16:09+00:00\" \/>\n<meta property=\"og:image\" content=\"https:\/\/i0.wp.com\/www.healthyforkful.com\/wp-content\/uploads\/2020\/07\/La-mejor-tarta-de-queso-scaled.jpg?fit=1360%2C2048&ssl=1\" \/>\n\t<meta property=\"og:image:width\" content=\"1360\" \/>\n\t<meta property=\"og:image:height\" content=\"2048\" \/>\n\t<meta property=\"og:image:type\" content=\"image\/jpeg\" \/>\n<meta name=\"author\" content=\"Maria\" \/>\n<meta name=\"twitter:card\" content=\"summary_large_image\" \/>\n<meta name=\"twitter:creator\" content=\"@healthyforkful\" \/>\n<meta name=\"twitter:site\" content=\"@healthyforkful\" \/>\n<meta name=\"twitter:label1\" content=\"Escrito por\" \/>\n\t<meta name=\"twitter:data1\" content=\"Maria\" \/>\n\t<meta name=\"twitter:label2\" content=\"Tiempo de lectura\" \/>\n\t<meta name=\"twitter:data2\" content=\"3 minutos\" \/>\n<script type=\"application\/ld+json\" class=\"yoast-schema-graph\">{\"@context\":\"https:\/\/schema.org\",\"@graph\":[{\"@type\":\"Article\",\"@id\":\"https:\/\/healthyforkful.com\/es\/la-mejor-tarta-fria-de-queso\/#article\",\"isPartOf\":{\"@id\":\"https:\/\/healthyforkful.com\/es\/la-mejor-tarta-fria-de-queso\/\"},\"author\":{\"name\":\"Maria\",\"@id\":\"https:\/\/healthyforkful.com\/#\/schema\/person\/36d13024a9c2682528a14123f097fb96\"},\"headline\":\"La mejor tarta fr\u00eda de queso\",\"datePublished\":\"2020-07-25T21:27:03+00:00\",\"dateModified\":\"2020-08-12T17:16:09+00:00\",\"mainEntityOfPage\":{\"@id\":\"https:\/\/healthyforkful.com\/es\/la-mejor-tarta-fria-de-queso\/\"},\"wordCount\":630,\"commentCount\":0,\"publisher\":{\"@id\":\"https:\/\/healthyforkful.com\/#\/schema\/person\/36d13024a9c2682528a14123f097fb96\"},\"image\":{\"@id\":\"https:\/\/healthyforkful.com\/es\/la-mejor-tarta-fria-de-queso\/#primaryimage\"},\"thumbnailUrl\":\"https:\/\/i0.wp.com\/healthyforkful.com\/wp-content\/uploads\/2020\/07\/La-mejor-tarta-de-queso-scaled.jpg?fit=1360%2C2048&ssl=1\",\"keywords\":[\"agar agar\",\"dulce\",\"postre\",\"queso\",\"refrescante\",\"tarta\"],\"articleSection\":[\"Recetas\",\"Tartas y Postres\"],\"inLanguage\":\"es\",\"potentialAction\":[{\"@type\":\"CommentAction\",\"name\":\"Comment\",\"target\":[\"https:\/\/healthyforkful.com\/es\/la-mejor-tarta-fria-de-queso\/#respond\"]}]},{\"@type\":\"WebPage\",\"@id\":\"https:\/\/healthyforkful.com\/es\/la-mejor-tarta-fria-de-queso\/\",\"url\":\"https:\/\/healthyforkful.com\/es\/la-mejor-tarta-fria-de-queso\/\",\"name\":\"La mejor tarta de queso en vasitos | Healthy Forkful\",\"isPartOf\":{\"@id\":\"https:\/\/healthyforkful.com\/#website\"},\"primaryImageOfPage\":{\"@id\":\"https:\/\/healthyforkful.com\/es\/la-mejor-tarta-fria-de-queso\/#primaryimage\"},\"image\":{\"@id\":\"https:\/\/healthyforkful.com\/es\/la-mejor-tarta-fria-de-queso\/#primaryimage\"},\"thumbnailUrl\":\"https:\/\/i0.wp.com\/healthyforkful.com\/wp-content\/uploads\/2020\/07\/La-mejor-tarta-de-queso-scaled.jpg?fit=1360%2C2048&ssl=1\",\"datePublished\":\"2020-07-25T21:27:03+00:00\",\"dateModified\":\"2020-08-12T17:16:09+00:00\",\"description\":\"Esta es la mejor tarta fr\u00eda de queso, al menos para m\u00ed. Aunque no lo digo solo yo, la verdad que gusta a todo el mundo y no es de extra\u00f1ar. Es cremosa,\",\"breadcrumb\":{\"@id\":\"https:\/\/healthyforkful.com\/es\/la-mejor-tarta-fria-de-queso\/#breadcrumb\"},\"inLanguage\":\"es\",\"potentialAction\":[{\"@type\":\"ReadAction\",\"target\":[\"https:\/\/healthyforkful.com\/es\/la-mejor-tarta-fria-de-queso\/\"]}]},{\"@type\":\"ImageObject\",\"inLanguage\":\"es\",\"@id\":\"https:\/\/healthyforkful.com\/es\/la-mejor-tarta-fria-de-queso\/#primaryimage\",\"url\":\"https:\/\/i0.wp.com\/healthyforkful.com\/wp-content\/uploads\/2020\/07\/La-mejor-tarta-de-queso-scaled.jpg?fit=1360%2C2048&ssl=1\",\"contentUrl\":\"https:\/\/i0.wp.com\/healthyforkful.com\/wp-content\/uploads\/2020\/07\/La-mejor-tarta-de-queso-scaled.jpg?fit=1360%2C2048&ssl=1\",\"width\":1360,\"height\":2048},{\"@type\":\"BreadcrumbList\",\"@id\":\"https:\/\/healthyforkful.com\/es\/la-mejor-tarta-fria-de-queso\/#breadcrumb\",\"itemListElement\":[{\"@type\":\"ListItem\",\"position\":1,\"name\":\"Home\",\"item\":\"https:\/\/healthyforkful.com\/es\/\"},{\"@type\":\"ListItem\",\"position\":2,\"name\":\"Sin categorizar\",\"item\":\"https:\/\/healthyforkful.com\/es\/category\/sin-categorizar\/\"},{\"@type\":\"ListItem\",\"position\":3,\"name\":\"La mejor tarta fr\u00eda de queso\"}]},{\"@type\":\"WebSite\",\"@id\":\"https:\/\/healthyforkful.com\/#website\",\"url\":\"https:\/\/healthyforkful.com\/\",\"name\":\"Healthy Forkful\",\"description\":\"Recetas nutritivas y deliciosas \",\"publisher\":{\"@id\":\"https:\/\/healthyforkful.com\/#\/schema\/person\/36d13024a9c2682528a14123f097fb96\"},\"potentialAction\":[{\"@type\":\"SearchAction\",\"target\":{\"@type\":\"EntryPoint\",\"urlTemplate\":\"https:\/\/healthyforkful.com\/?s={search_term_string}\"},\"query-input\":{\"@type\":\"PropertyValueSpecification\",\"valueRequired\":true,\"valueName\":\"search_term_string\"}}],\"inLanguage\":\"es\"},{\"@type\":[\"Person\",\"Organization\"],\"@id\":\"https:\/\/healthyforkful.com\/#\/schema\/person\/36d13024a9c2682528a14123f097fb96\",\"name\":\"Maria\",\"image\":{\"@type\":\"ImageObject\",\"inLanguage\":\"es\",\"@id\":\"https:\/\/healthyforkful.com\/#\/schema\/person\/image\/\",\"url\":\"https:\/\/i0.wp.com\/www.healthyforkful.com\/wp-content\/uploads\/2017\/11\/Maria-Llamas.jpg?fit=200%2C200&ssl=1\",\"contentUrl\":\"https:\/\/i0.wp.com\/www.healthyforkful.com\/wp-content\/uploads\/2017\/11\/Maria-Llamas.jpg?fit=200%2C200&ssl=1\",\"width\":200,\"height\":200,\"caption\":\"Maria\"},\"logo\":{\"@id\":\"https:\/\/healthyforkful.com\/#\/schema\/person\/image\/\"},\"sameAs\":[\"https:\/\/healthyforkful.com\/\",\"www.facebook.com\/healthyforkful\"]}]}<\/script>\n<!-- \/ Yoast SEO plugin. -->","yoast_head_json":{"title":"La mejor tarta de queso en vasitos | Healthy Forkful","description":"Esta es la mejor tarta fr\u00eda de queso, al menos para m\u00ed. Aunque no lo digo solo yo, la verdad que gusta a todo el mundo y no es de extra\u00f1ar. Es cremosa,","robots":{"index":"index","follow":"follow","max-snippet":"max-snippet:-1","max-image-preview":"max-image-preview:large","max-video-preview":"max-video-preview:-1"},"canonical":"https:\/\/healthyforkful.com\/es\/la-mejor-tarta-fria-de-queso\/","og_locale":"es_ES","og_type":"article","og_title":"La mejor tarta de queso en vasitos | Healthy Forkful","og_description":"Esta es la mejor tarta fr\u00eda de queso, al menos para m\u00ed. Aunque no lo digo solo yo, la verdad que gusta a todo el mundo y no es de extra\u00f1ar. Es cremosa,","og_url":"https:\/\/healthyforkful.com\/es\/la-mejor-tarta-fria-de-queso\/","og_site_name":"Healthy Forkful","article_publisher":"www.facebook.com\/healthyforkful","article_author":"www.facebook.com\/healthyforkful","article_published_time":"2020-07-25T21:27:03+00:00","article_modified_time":"2020-08-12T17:16:09+00:00","og_image":[{"width":1360,"height":2048,"url":"https:\/\/i0.wp.com\/www.healthyforkful.com\/wp-content\/uploads\/2020\/07\/La-mejor-tarta-de-queso-scaled.jpg?fit=1360%2C2048&ssl=1","type":"image\/jpeg"}],"author":"Maria","twitter_card":"summary_large_image","twitter_creator":"@healthyforkful","twitter_site":"@healthyforkful","twitter_misc":{"Escrito por":"Maria","Tiempo de lectura":"3 minutos"},"schema":{"@context":"https:\/\/schema.org","@graph":[{"@type":"Article","@id":"https:\/\/healthyforkful.com\/es\/la-mejor-tarta-fria-de-queso\/#article","isPartOf":{"@id":"https:\/\/healthyforkful.com\/es\/la-mejor-tarta-fria-de-queso\/"},"author":{"name":"Maria","@id":"https:\/\/healthyforkful.com\/#\/schema\/person\/36d13024a9c2682528a14123f097fb96"},"headline":"La mejor tarta fr\u00eda de queso","datePublished":"2020-07-25T21:27:03+00:00","dateModified":"2020-08-12T17:16:09+00:00","mainEntityOfPage":{"@id":"https:\/\/healthyforkful.com\/es\/la-mejor-tarta-fria-de-queso\/"},"wordCount":630,"commentCount":0,"publisher":{"@id":"https:\/\/healthyforkful.com\/#\/schema\/person\/36d13024a9c2682528a14123f097fb96"},"image":{"@id":"https:\/\/healthyforkful.com\/es\/la-mejor-tarta-fria-de-queso\/#primaryimage"},"thumbnailUrl":"https:\/\/i0.wp.com\/healthyforkful.com\/wp-content\/uploads\/2020\/07\/La-mejor-tarta-de-queso-scaled.jpg?fit=1360%2C2048&ssl=1","keywords":["agar agar","dulce","postre","queso","refrescante","tarta"],"articleSection":["Recetas","Tartas y Postres"],"inLanguage":"es","potentialAction":[{"@type":"CommentAction","name":"Comment","target":["https:\/\/healthyforkful.com\/es\/la-mejor-tarta-fria-de-queso\/#respond"]}]},{"@type":"WebPage","@id":"https:\/\/healthyforkful.com\/es\/la-mejor-tarta-fria-de-queso\/","url":"https:\/\/healthyforkful.com\/es\/la-mejor-tarta-fria-de-queso\/","name":"La mejor tarta de queso en vasitos | Healthy Forkful","isPartOf":{"@id":"https:\/\/healthyforkful.com\/#website"},"primaryImageOfPage":{"@id":"https:\/\/healthyforkful.com\/es\/la-mejor-tarta-fria-de-queso\/#primaryimage"},"image":{"@id":"https:\/\/healthyforkful.com\/es\/la-mejor-tarta-fria-de-queso\/#primaryimage"},"thumbnailUrl":"https:\/\/i0.wp.com\/healthyforkful.com\/wp-content\/uploads\/2020\/07\/La-mejor-tarta-de-queso-scaled.jpg?fit=1360%2C2048&ssl=1","datePublished":"2020-07-25T21:27:03+00:00","dateModified":"2020-08-12T17:16:09+00:00","description":"Esta es la mejor tarta fr\u00eda de queso, al menos para m\u00ed. Aunque no lo digo solo yo, la verdad que gusta a todo el mundo y no es de extra\u00f1ar. Es cremosa,","breadcrumb":{"@id":"https:\/\/healthyforkful.com\/es\/la-mejor-tarta-fria-de-queso\/#breadcrumb"},"inLanguage":"es","potentialAction":[{"@type":"ReadAction","target":["https:\/\/healthyforkful.com\/es\/la-mejor-tarta-fria-de-queso\/"]}]},{"@type":"ImageObject","inLanguage":"es","@id":"https:\/\/healthyforkful.com\/es\/la-mejor-tarta-fria-de-queso\/#primaryimage","url":"https:\/\/i0.wp.com\/healthyforkful.com\/wp-content\/uploads\/2020\/07\/La-mejor-tarta-de-queso-scaled.jpg?fit=1360%2C2048&ssl=1","contentUrl":"https:\/\/i0.wp.com\/healthyforkful.com\/wp-content\/uploads\/2020\/07\/La-mejor-tarta-de-queso-scaled.jpg?fit=1360%2C2048&ssl=1","width":1360,"height":2048},{"@type":"BreadcrumbList","@id":"https:\/\/healthyforkful.com\/es\/la-mejor-tarta-fria-de-queso\/#breadcrumb","itemListElement":[{"@type":"ListItem","position":1,"name":"Home","item":"https:\/\/healthyforkful.com\/es\/"},{"@type":"ListItem","position":2,"name":"Sin categorizar","item":"https:\/\/healthyforkful.com\/es\/category\/sin-categorizar\/"},{"@type":"ListItem","position":3,"name":"La mejor tarta fr\u00eda de queso"}]},{"@type":"WebSite","@id":"https:\/\/healthyforkful.com\/#website","url":"https:\/\/healthyforkful.com\/","name":"Healthy Forkful","description":"Recetas nutritivas y deliciosas ","publisher":{"@id":"https:\/\/healthyforkful.com\/#\/schema\/person\/36d13024a9c2682528a14123f097fb96"},"potentialAction":[{"@type":"SearchAction","target":{"@type":"EntryPoint","urlTemplate":"https:\/\/healthyforkful.com\/?s={search_term_string}"},"query-input":{"@type":"PropertyValueSpecification","valueRequired":true,"valueName":"search_term_string"}}],"inLanguage":"es"},{"@type":["Person","Organization"],"@id":"https:\/\/healthyforkful.com\/#\/schema\/person\/36d13024a9c2682528a14123f097fb96","name":"Maria","image":{"@type":"ImageObject","inLanguage":"es","@id":"https:\/\/healthyforkful.com\/#\/schema\/person\/image\/","url":"https:\/\/i0.wp.com\/www.healthyforkful.com\/wp-content\/uploads\/2017\/11\/Maria-Llamas.jpg?fit=200%2C200&ssl=1","contentUrl":"https:\/\/i0.wp.com\/www.healthyforkful.com\/wp-content\/uploads\/2017\/11\/Maria-Llamas.jpg?fit=200%2C200&ssl=1","width":200,"height":200,"caption":"Maria"},"logo":{"@id":"https:\/\/healthyforkful.com\/#\/schema\/person\/image\/"},"sameAs":["https:\/\/healthyforkful.com\/","www.facebook.com\/healthyforkful"]}]}},"jetpack_publicize_connections":[],"jetpack_featured_media_url":"https:\/\/i0.wp.com\/healthyforkful.com\/wp-content\/uploads\/2020\/07\/La-mejor-tarta-de-queso-scaled.jpg?fit=1360%2C2048&ssl=1","jetpack_sharing_enabled":true,"jetpack_shortlink":"https:\/\/wp.me\/p8n1Ll-1m6","jetpack-related-posts":[{"id":4788,"url":"https:\/\/healthyforkful.com\/es\/tarta-de-anacardos-y-frutos-rojos\/","url_meta":{"origin":5214,"position":0},"title":"Tarta de anacardos y frutos rojos","author":"Maria","date":"","format":false,"excerpt":"O como en el mundo vegano se dir\u00eda, tarta de \"queso\". Pero sinceramente para mi, si no lleva queso no puede ser una tarta de queso. Y segundo, no me gusta etiquetar, las etiquetas crean prejuicios y dan lugar a ideas y opiniones anticipadas. As\u00ed que prefiero no llamarla tarta\u2026","rel":"","context":"En \u00abTartas y Postres\u00bb","block_context":{"text":"Tartas y Postres","link":"https:\/\/healthyforkful.com\/es\/category\/tartas-y-postres\/"},"img":{"alt_text":"","src":"https:\/\/i0.wp.com\/healthyforkful.com\/wp-content\/uploads\/2019\/12\/IMG_6515.jpg?fit=900%2C1200&ssl=1&resize=350%2C200","width":350,"height":200,"srcset":"https:\/\/i0.wp.com\/healthyforkful.com\/wp-content\/uploads\/2019\/12\/IMG_6515.jpg?fit=900%2C1200&ssl=1&resize=350%2C200 1x, https:\/\/i0.wp.com\/healthyforkful.com\/wp-content\/uploads\/2019\/12\/IMG_6515.jpg?fit=900%2C1200&ssl=1&resize=525%2C300 1.5x, https:\/\/i0.wp.com\/healthyforkful.com\/wp-content\/uploads\/2019\/12\/IMG_6515.jpg?fit=900%2C1200&ssl=1&resize=700%2C400 2x"},"classes":[]},{"id":5556,"url":"https:\/\/healthyforkful.com\/es\/tarta-salada-champinones-espinacas\/","url_meta":{"origin":5214,"position":1},"title":"Tarta salada de champi\u00f1ones y espinacas","author":"Maria","date":"","format":false,"excerpt":"No s\u00e9 c\u00f3mo, pero siempre termino llevando una tarta salada (o quiche) a las cenas con amigos. Una de las que nunca falla es esta maravillosa tarta salada de champi\u00f1ones y espinacas con una base especial. Supongo que porque una quiche es una de esas cosas f\u00e1ciles de hacer que\u2026","rel":"","context":"En \u00abDesayunos y Brunch\u00bb","block_context":{"text":"Desayunos y Brunch","link":"https:\/\/healthyforkful.com\/es\/category\/desayunos-y-brunch\/"},"img":{"alt_text":"","src":"https:\/\/i0.wp.com\/healthyforkful.com\/wp-content\/uploads\/2017\/02\/mushroom-spinach-tart.jpg?fit=850%2C1200&ssl=1&resize=350%2C200","width":350,"height":200,"srcset":"https:\/\/i0.wp.com\/healthyforkful.com\/wp-content\/uploads\/2017\/02\/mushroom-spinach-tart.jpg?fit=850%2C1200&ssl=1&resize=350%2C200 1x, https:\/\/i0.wp.com\/healthyforkful.com\/wp-content\/uploads\/2017\/02\/mushroom-spinach-tart.jpg?fit=850%2C1200&ssl=1&resize=525%2C300 1.5x, https:\/\/i0.wp.com\/healthyforkful.com\/wp-content\/uploads\/2017\/02\/mushroom-spinach-tart.jpg?fit=850%2C1200&ssl=1&resize=700%2C400 2x"},"classes":[]},{"id":5340,"url":"https:\/\/healthyforkful.com\/tartaleta-de-champinon-y-espinaca-con-una-base-muy-nutritiva\/","url_meta":{"origin":5214,"position":2},"title":"Tartaleta de champi\u00f1\u00f3n y espinaca con una base muy nutritiva :)","author":"Maria","date":"","format":false,"excerpt":"No se c\u00f3mo, pero cuando me invitan a casa de una amiga siempre termino llevando una tarta salada (o quiche). Esta tartaleta de champi\u00f1\u00f3n y espinacas con una base muy nutritiva es una de las que m\u00e1s gusta. Imagino porque una tarta salada es una de esas cosas f\u00e1ciles de\u2026","rel":"","context":"En \u00abPrincipales\u00bb","block_context":{"text":"Principales","link":"https:\/\/healthyforkful.com\/es\/category\/principales\/"},"img":{"alt_text":"","src":"https:\/\/i0.wp.com\/healthyforkful.com\/wp-content\/uploads\/2017\/02\/mushroom-spinach-tart.jpg?fit=850%2C1200&ssl=1&resize=350%2C200","width":350,"height":200,"srcset":"https:\/\/i0.wp.com\/healthyforkful.com\/wp-content\/uploads\/2017\/02\/mushroom-spinach-tart.jpg?fit=850%2C1200&ssl=1&resize=350%2C200 1x, https:\/\/i0.wp.com\/healthyforkful.com\/wp-content\/uploads\/2017\/02\/mushroom-spinach-tart.jpg?fit=850%2C1200&ssl=1&resize=525%2C300 1.5x, https:\/\/i0.wp.com\/healthyforkful.com\/wp-content\/uploads\/2017\/02\/mushroom-spinach-tart.jpg?fit=850%2C1200&ssl=1&resize=700%2C400 2x"},"classes":[]},{"id":5326,"url":"https:\/\/healthyforkful.com\/es\/manzanas-asadas-rellenas-de-tarta-de-queso\/","url_meta":{"origin":5214,"position":3},"title":"Manzanas asadas rellenas de tarta de queso","author":"Maria","date":"","format":false,"excerpt":"Manzanas asadas 6 Manzanas Golden o Reineta \ud83c\udf4f\ud83c\udf4e2 cdas zumo de lim\u00f3n \ud83c\udf4b1 cda aceite de coco6 ctas az\u00facar de coco (opcional)3\/4 cta jengibre fresco ralladoUna pizca de nuez moscada \ud83c\udf30Una pizca de cardamomo molidoPara servirYogur de cocoNueces troceadasMiel \ud83c\udf6fVer notas para la versi\u00f3n rellena con cheesecake Precalienta el horno\u2026","rel":"","context":"En \u00abRecetas\u00bb","block_context":{"text":"Recetas","link":"https:\/\/healthyforkful.com\/es\/category\/recetas\/"},"img":{"alt_text":"","src":"https:\/\/i0.wp.com\/healthyforkful.com\/wp-content\/uploads\/2020\/09\/Manzana-asada.jpg?fit=575%2C771&ssl=1&resize=350%2C200","width":350,"height":200,"srcset":"https:\/\/i0.wp.com\/healthyforkful.com\/wp-content\/uploads\/2020\/09\/Manzana-asada.jpg?fit=575%2C771&ssl=1&resize=350%2C200 1x, https:\/\/i0.wp.com\/healthyforkful.com\/wp-content\/uploads\/2020\/09\/Manzana-asada.jpg?fit=575%2C771&ssl=1&resize=525%2C300 1.5x"},"classes":[]},{"id":3809,"url":"https:\/\/healthyforkful.com\/es\/tarta-especiada-calabaza-chocolate\/","url_meta":{"origin":5214,"position":4},"title":"Magia Navide\u00f1a: Tarta Especiada de Calabaza y Chocolate","author":"Maria","date":"","format":false,"excerpt":"\u00a1Un pastel de navidad que a todos gustar\u00e1! Hice esta tarta hace un par de semanas para un cliente. Fue de esas clientas que te dicen \"lo que tu quieras\" lo cual est\u00e1 genial pero por otro lado te pone en un gran compromiso, jeje, en estas ocasiones, lo mejor\u2026","rel":"","context":"En \u00abMuffins y Bizcochos\u00bb","block_context":{"text":"Muffins y Bizcochos","link":"https:\/\/healthyforkful.com\/es\/category\/desayunos-y-brunch\/muffins-y-bizcochos\/"},"img":{"alt_text":"","src":"https:\/\/i0.wp.com\/healthyforkful.com\/wp-content\/uploads\/2017\/12\/pumpkin-anc-chocolate-cake-reducida.jpg?fit=989%2C1200&ssl=1&resize=350%2C200","width":350,"height":200,"srcset":"https:\/\/i0.wp.com\/healthyforkful.com\/wp-content\/uploads\/2017\/12\/pumpkin-anc-chocolate-cake-reducida.jpg?fit=989%2C1200&ssl=1&resize=350%2C200 1x, https:\/\/i0.wp.com\/healthyforkful.com\/wp-content\/uploads\/2017\/12\/pumpkin-anc-chocolate-cake-reducida.jpg?fit=989%2C1200&ssl=1&resize=525%2C300 1.5x, https:\/\/i0.wp.com\/healthyforkful.com\/wp-content\/uploads\/2017\/12\/pumpkin-anc-chocolate-cake-reducida.jpg?fit=989%2C1200&ssl=1&resize=700%2C400 2x"},"classes":[]},{"id":2651,"url":"https:\/\/healthyforkful.com\/es\/tarta-zanahoria-version-mas-saludable\/","url_meta":{"origin":5214,"position":5},"title":"Tarta de Zanahoria en su versi\u00f3n m\u00e1s saludable","author":"Maria","date":"","format":false,"excerpt":"\u00bfAlguna vez has experimentado una pereza enorme para hacer algo o ir a alg\u00fan sitio, pero una vez que lo haces o est\u00e1s all\u00ed, te sientes agradecido de que hayas ido? Estoy pasando unos d\u00edas en mi ciudad natal en Madrid. No s\u00e9 por qu\u00e9, pero un horrible letargo me\u2026","rel":"","context":"En \u00abRecetas\u00bb","block_context":{"text":"Recetas","link":"https:\/\/healthyforkful.com\/es\/category\/recetas\/"},"img":{"alt_text":"Tarta saludable de zanahoria","src":"https:\/\/i0.wp.com\/healthyforkful.com\/wp-content\/uploads\/2017\/09\/Healthier-Carrot-Cake-reducida.jpg?fit=900%2C1200&ssl=1&resize=350%2C200","width":350,"height":200,"srcset":"https:\/\/i0.wp.com\/healthyforkful.com\/wp-content\/uploads\/2017\/09\/Healthier-Carrot-Cake-reducida.jpg?fit=900%2C1200&ssl=1&resize=350%2C200 1x, https:\/\/i0.wp.com\/healthyforkful.com\/wp-content\/uploads\/2017\/09\/Healthier-Carrot-Cake-reducida.jpg?fit=900%2C1200&ssl=1&resize=525%2C300 1.5x, https:\/\/i0.wp.com\/healthyforkful.com\/wp-content\/uploads\/2017\/09\/Healthier-Carrot-Cake-reducida.jpg?fit=900%2C1200&ssl=1&resize=700%2C400 2x"},"classes":[]}],"jetpack_likes_enabled":true,"amp_enabled":true,"_links":{"self":[{"href":"https:\/\/healthyforkful.com\/es\/wp-json\/wp\/v2\/posts\/5214\/"}],"collection":[{"href":"https:\/\/healthyforkful.com\/es\/wp-json\/wp\/v2\/posts\/"}],"about":[{"href":"https:\/\/healthyforkful.com\/es\/wp-json\/wp\/v2\/types\/post\/"}],"author":[{"embeddable":true,"href":"https:\/\/healthyforkful.com\/es\/wp-json\/wp\/v2\/users\/1\/"}],"replies":[{"embeddable":true,"href":"https:\/\/healthyforkful.com\/es\/wp-json\/wp\/v2\/comments\/?post=5214"}],"version-history":[{"count":2,"href":"https:\/\/healthyforkful.com\/es\/wp-json\/wp\/v2\/posts\/5214\/revisions\/"}],"predecessor-version":[{"id":5232,"href":"https:\/\/healthyforkful.com\/es\/wp-json\/wp\/v2\/posts\/5214\/revisions\/5232\/"}],"wp:featuredmedia":[{"embeddable":true,"href":"https:\/\/healthyforkful.com\/es\/wp-json\/wp\/v2\/media\/5215\/"}],"wp:attachment":[{"href":"https:\/\/healthyforkful.com\/es\/wp-json\/wp\/v2\/media\/?parent=5214"}],"wp:term":[{"taxonomy":"category","embeddable":true,"href":"https:\/\/healthyforkful.com\/es\/wp-json\/wp\/v2\/categories\/?post=5214"},{"taxonomy":"post_tag","embeddable":true,"href":"https:\/\/healthyforkful.com\/es\/wp-json\/wp\/v2\/tags\/?post=5214"}],"curies":[{"name":"wp","href":"https:\/\/api.w.org\/{rel}","templated":true}]}}